{"id":45913,"date":"2025-04-08T14:44:58","date_gmt":"2025-04-08T14:44:58","guid":{"rendered":"https:\/\/247stiri.ro\/index.php\/2025\/04\/08\/ilie-bolojan-explicatii-despre-impactul-tarifelor-impuse-de-donald-trump-asupra-economiei-romanesti-la-ce-sa-ne-asteptam-in-perioada-urmatoare\/"},"modified":"2025-04-08T14:44:58","modified_gmt":"2025-04-08T14:44:58","slug":"ilie-bolojan-explicatii-despre-impactul-tarifelor-impuse-de-donald-trump-asupra-economiei-romanesti-la-ce-sa-ne-asteptam-in-perioada-urmatoare","status":"publish","type":"post","link":"https:\/\/247stiri.ro\/index.php\/2025\/04\/08\/ilie-bolojan-explicatii-despre-impactul-tarifelor-impuse-de-donald-trump-asupra-economiei-romanesti-la-ce-sa-ne-asteptam-in-perioada-urmatoare\/","title":{"rendered":"Ilie Bolojan, explica\u021bii despre impactul tarifelor impuse de Donald Trump asupra economiei rom\u00e2ne\u0219ti. La ce s\u0103 ne a\u0219tept\u0103m \u00een perioada urm\u0103toare"},"content":{"rendered":"<p>Bolojan a explicat c\u0103, \u00een perioada urm\u0103toare, companiile rom\u00e2ne\u0219ti care export\u0103 produse \u00een Statele Unite vor fi afectate \u00een termeni de competitivitate. Totu\u0219i, impactul asupra economiei rom\u00e2ne\u0219ti este, conform estim\u0103rilor sale, relativ sc\u0103zut, av\u00e2nd \u00een vedere c\u0103 Rom\u00e2nia nu are o component\u0103 semnificativ\u0103 de export c\u0103tre aceast\u0103 destina\u021bie.<\/p>\n<p>Pre\u0219edintele interimar a detaliat sectoarele cele mai afectate, inclusiv industria aluminiului, sectorul farmaceutic \u0219i companiile care produc componente din o\u021bel \u0219i aluminiu. De asemenea, Bolojan a subliniat c\u0103, de\u0219i Rom\u00e2nia nu este un juc\u0103tor major pe pia\u021ba american\u0103, efectele indirecte ale acestor tarife asupra comer\u021bului dintre Statele Unite \u0219i Uniunea European\u0103 vor avea repercusiuni asupra economiei rom\u00e2ne\u0219ti, \u00een special prin prisma rela\u021biilor comerciale str\u00e2nse cu Germania.<\/p>\n<p>\u201eTrebuie s\u0103 fim one\u0219ti cu cet\u0103\u021benii no\u0219tri \u0219i s\u0103 spunem aceste lucruri. Ce se poate \u00eent\u00e2mpla \u00een perioada urm\u0103toare? Companiile noastre, industriile noastre care export\u0103 produse \u00een Statele Unite vor fi mai pu\u021bin competitive pe aceste pie\u021be. Dar pe aceast\u0103 linie direct\u0103, impactul asupra economiei rom\u00e2ne\u0219ti este relativ sc\u0103zut, pentru c\u0103 nu avem o component\u0103 important\u0103 de export pe rela\u021bia Statelor Unite, iar afectarea este pe zona de aluminiu, pe zona de farmaceutic\u0103 \u00een principal \u0219i pe zona de componente care includ o\u021bel \u0219i aluminiu.<\/p>\n<p>Va fi \u00eens\u0103 un impact important asupra comer\u021bului Statelor Unite cu Uniunea European\u0103, pentru c\u0103 cele dou\u0103 pie\u021be sunt cele mai mari pie\u021be globale, Statele Unite fiind cel mai important partener comercial pentru Uniunea European\u0103, \u0219i deci indirect companiile rom\u00e2ne\u0219ti care sunt integrate \u00een lan\u021burile de valoare european\u0103 vor fi afectate.<\/p>\n<p>Germania fiind cel mai important partener comercial al Rom\u00e2niei, iar economia german\u0103 contribuind cu o treime la exporturile c\u0103tre Statele Unite ale Americii din Uniunea European\u0103, cu siguran\u021b\u0103 companiile rom\u00e2ne\u0219ti care sunt integrate \u00een aceste lan\u021buri valorice vor avea posibil mai pu\u021bine comenzi, \u0219i deci va fi o \u00eencetinire a activit\u0103\u021bii acestora. Este un impact asupra pie\u021belor \u0219i bursele pe care \u00eel vedem \u00een aceste zile, dar cred c\u0103 foarte important pe fondul a ceea ce se \u00eent\u00e2mpl\u0103, ceea ce este imprevizibil va fi o re\u021binere general\u0103 de investi\u021bii \u0219i indirect, pentru c\u0103 dezvoltarea \u021b\u0103rii noastre a \u00eensemnat \u00een ace\u0219ti ani o component\u0103 important\u0103 de investi\u021bii str\u0103ine, e foarte posibil ca \u00een perioada urm\u0103toare s\u0103 avem o \u00eencetinire a acestor investi\u021bii p\u00e2n\u0103 c\u00e2nd lucrurile se vor stabiliza.<\/p>\n<p>E greu de estimat deci, concret, care vor fi consecin\u021bele acestei m\u0103suri \u00eentr-o economie globalizat\u0103 \u0219i care este interconectat\u0103 ca cea actual\u0103, iar replicile pe care unele state, unele pie\u021be mari, le dau, nu vor face dec\u00e2t s\u0103 complice \u0219i mai mult lucrurile.<\/p>\n<p><a title=\"Nicusor Dan si Ilie Bolojan ar putea pregati un partid nou. Planul care zguduie scena politica\" href=\"https:\/\/www.realitatea.net\/stiri\/actual\/nicusor-dan-si-ilie-bolojan-ar-putea-pregati-un-partid-nou-planul-care-zguduie-scena-politica_67f4eb90bcd05c41f321dbc6\">Nicu\u0219or Dan \u0219i Ilie Bolojan ar putea preg\u0103ti un partid nou. Planul care zguduie scena politic\u0103<\/a><\/p>\n<p>\u00cen aceast\u0103 situa\u021bie, m\u0103surile de represalii pe care Uniunea European\u0103 le-ar stabili \u00een perioada urm\u0103toare ar \u00eensemna de fapt s\u0103 creasc\u0103 costurile escalad\u0103rii, care ar putea s\u0103 fie \u0219i mai mari pentru economia noastr\u0103, pentru c\u0103 tarife peste tarife \u00eenseamn\u0103 infla\u021bie, \u00eenseamn\u0103 sc\u0103derea puterii de cump\u0103rare \u0219i riscul unei recesiuni economice.<\/p>\n<p>A\u0219a cum \u0219ti\u021bi, competen\u021bele privind stabilirea tarifelor, a politicilor comerciale, au fost cedate de c\u0103tre toate \u021b\u0103rile europene Comisiei Europene, \u0219i deci aceasta este competent\u0103 s\u0103 stabileasc\u0103 r\u0103spunsul Europei. At\u00e2t zilele trecute, dup\u0103 anun\u021barea acestor tarife, c\u00e2t \u0219i ieri, \u0219i ast\u0103zi, au avut loc negocieri, au avut loc discu\u021bii at\u00e2t \u00eentre reprezentan\u021bii Uniunii Europene c\u00e2t \u0219i cei ai Statelor Unite ale Americii dar \u0219i \u00een interiorul Uniunii privind posibilele negocieri c\u00e2t \u0219i r\u0103spunsul european.<\/p>\n<p>Din partea Rom\u00e2niei a participat ieri la \u0219edin\u021b\u0103 ministrul Economiei, domnul Ivan, \u0219i ambasadoarea noastr\u0103 la Bruxelles, doamna Matei, \u0219i \u00een urma discu\u021biilor care au avut loc s-a hot\u0103r\u00e2t un r\u0103spuns etapizat. M\u00e2ine \u00een comitetul pentru bariere comerciale se va aproba acest prim r\u0103spuns, ceea ce \u00eenseamn\u0103 c\u0103 pentru primul set de tarife, cele pentru aluminiu \u0219i o\u021bel va fi un r\u0103spuns \u00een contrabalans de c\u0103tre Uniunea European\u0103, tax\u00e2nd \u00een principal produse agricole alimentare care ar veni din Statele Unite cu tarife care \u00eenseamn\u0103 10-25%. Din acest punct de vedere, noi am fost interesa\u021bi ca ceea ce se import\u0103 \u00een Uniunea European\u0103 pe componenta nuclear\u0103 s\u0103 nu intre \u00een acest pachet de sanc\u021biuni pentru c\u0103 avem un contract important pentru reactoarele 3 \u0219i 4, \u0219i deci orice fel de replic\u0103, a\u0219a cum v-am spus, la tarif peste tarif \u00eenseamn\u0103 costuri suplimentare care vor trebui pl\u0103tite, deci m\u00e2ine se va aproba acest prim r\u0103spuns \u0219i vor continua apoi negocierile.<\/p>\n<p>Sper s\u0103 se ajung\u0103 la o solu\u021bie \u00een\u021beleapt\u0103, \u00een a\u0219a fel \u00eenc\u00e2t efectele acestor tarife asupra economiei globale, asupra stabilit\u0103\u021bii economice s\u0103 fie c\u00e2t mai mici \u0219i s\u0103 ne putem continua \u00eentr-o form\u0103 predictibil\u0103 dezvoltarea. \u00cen astfel de situa\u021bii complicate, nu exist\u0103 solu\u021bii rapide \u0219i cred c\u0103 r\u0103spunsurile trebuie construite bucat\u0103 cu bucat\u0103, pe mai multe niveluri, \u0219i vom sus\u021bine continuarea negocierilor \u00een a\u0219a fel \u00eenc\u00e2t cele dou\u0103 pie\u021be mari, pia\u021ba Uniunii Europene \u0219i cea a Statelor Unite, s\u0103 g\u0103seasc\u0103 ni\u0219te solu\u021bii \u00een care fluxurile economice s\u0103 continue.<\/p>\n<p>Cred c\u0103 e nevoie ca at\u00e2t \u00een plan european, dar \u0219i na\u021bional, s\u0103 ac\u021bion\u0103m pentru o economie mai competitiv\u0103, \u0219i ceea ce s-a aprobat la ultimul Consiliu European, politicile pe partea de energie de a sc\u0103dea pre\u021bul energiei, de a sus\u021bine interconectarea, sunt politici pe care \u0219i noi trebuie s\u0103 le urm\u0103rim, finaliz\u00e2ndu-ne hidrocentralele c\u00e2t mai repede posibil, transform\u00e2nd centrale pe c\u0103rbune \u00een centrale pe gaz \u0219i lucr\u00e2nd pentru a cre\u0219te capacitatea de stocare pe energie \u00een a\u0219a fel \u00eenc\u00e2t economia rom\u00e2neasc\u0103 s\u0103 fie mai competitiv\u0103.<\/p>\n<p>De asemenea, prin politicile industriale pe care le putem sus\u021bine, s\u0103 \u00eencuraj\u0103m produc\u021bia industrial\u0103 \u00een Rom\u00e2nia \u0219i integrarea companiilor rom\u00e2ne\u0219ti \u00een lan\u021burile valorice globale la un nivel superior. De asemenea, at\u00e2t \u00een Uniunea European\u0103 c\u00e2t \u0219i \u00een Rom\u00e2nia, este important s\u0103 simplific\u0103m, s\u0103 debirocratiz\u0103m, pentru a pune \u00een valoare poten\u021bialul antreprenorilor, al oamenilor, pentru a debloca economia \u0219i putem face acest lucru pentru c\u0103 este loc de mai bine \u00een multe domenii, \u0219i nu \u00een ultimul r\u00e2nd cred c\u0103 este nevoie s\u0103 reform\u0103m statul.<\/p>\n<p>Asta pentru c\u0103, spre deosebire de alte \u021b\u0103ri, unde la un deficit comercial mic, o u\u0219oar\u0103 recesiune \u00eenseamn\u0103 doar o sc\u0103dere economic\u0103, dar nu efecte foarte mari, \u00eentr-o \u021bar\u0103 ca Rom\u00e2nia, cu deficite mari, orice fel de recesiune, orice fel de afectare a situa\u021biei economice, poate avea ni\u0219te efecte foarte dure, \u0219i din punctul acesta de vedere, reducerea cheltuielilor statului, cre\u0219terea \u00eencas\u0103rilor la buget, accesarea fondurilor europene, derularea c\u00e2t mai rapid\u0103 a proiectelor \u00eenseamn\u0103 o bun\u0103 guvernare \u0219i \u00eenseamn\u0103 condi\u021bii obligatorii pentru a minimiza acest impact.<\/p>\n<p>Putem face declara\u021bii, putem genera \u0219tiri, dar nu vom ajunge la o solu\u021bie de pe o zi pe alta \u00een aceast\u0103 situa\u021bie complex\u0103. Cred c\u0103 aceste provoc\u0103ri sunt \u0219i oportunitate de a crede din nou \u00een noi \u00een\u0219ine \u0219i de a face ceea ce trebuie pentru ca lucrurile care depind de noi s\u0103 le facem a\u0219a cum se cuvine pentru a crea condi\u021bii pentru o prosperitate \u00een \u021bara noastr\u0103 \u0219i, sigur, s\u0103 ne adapt\u0103m la lucrurile care nu depind de noi \u0219i pe care nu le putem influen\u021ba dec\u00e2t foarte pu\u021bin.\u201d<\/p>\n<p><a title=\"Ilie Bolojan: Trebuie gasite rapid solutii eficiente pentru razboiul hibrid, dezinformarea, securitatea si criminalitatea cibernetice\" href=\"https:\/\/www.realitatea.net\/stiri\/politica\/ilie-bolojan-trebuie-gasite-rapid-solutii-eficiente-pentru-razboiul-hibrid-dezinformarea-securitatea-si-criminalitatea-cibernetice_67f4f41dc70d004cda149482\">Ilie Bolojan: Trebuie g\u0103site rapid solu\u0163ii eficiente pentru r\u0103zboiul hibrid, dezinformarea, securitatea \u015fi criminalitatea cibernetice<\/a><\/p>","protected":false},"excerpt":{"rendered":"<p>Bolojan a explicat c\u0103, \u00een perioada urm\u0103toare, companiile rom\u00e2ne\u0219ti care export\u0103 produse \u00een Statele Unite&hellip;<\/p>\n","protected":false},"author":0,"featured_media":45914,"comment_status":"open","ping_status":"open","sticky":false,"template":"","format":"standard","meta":{"footnotes":""},"categories":[2],"tags":[],"class_list":["post-45913","post","type-post","status-publish","format-standard","has-post-thumbnail","hentry","category-actual"],"_links":{"self":[{"href":"https:\/\/247stiri.ro\/index.php\/wp-json\/wp\/v2\/posts\/45913","targetHints":{"allow":["GET"]}}],"collection":[{"href":"https:\/\/247stiri.ro\/index.php\/wp-json\/wp\/v2\/posts"}],"about":[{"href":"https:\/\/247stiri.ro\/index.php\/wp-json\/wp\/v2\/types\/post"}],"replies":[{"embeddable":true,"href":"https:\/\/247stiri.ro\/index.php\/wp-json\/wp\/v2\/comments?post=45913"}],"version-history":[{"count":0,"href":"https:\/\/247stiri.ro\/index.php\/wp-json\/wp\/v2\/posts\/45913\/revisions"}],"wp:featuredmedia":[{"embeddable":true,"href":"https:\/\/247stiri.ro\/index.php\/wp-json\/wp\/v2\/media\/45914"}],"wp:attachment":[{"href":"https:\/\/247stiri.ro\/index.php\/wp-json\/wp\/v2\/media?parent=45913"}],"wp:term":[{"taxonomy":"category","embeddable":true,"href":"https:\/\/247stiri.ro\/index.php\/wp-json\/wp\/v2\/categories?post=45913"},{"taxonomy":"post_tag","embeddable":true,"href":"https:\/\/247stiri.ro\/index.php\/wp-json\/wp\/v2\/tags?post=45913"}],"curies":[{"name":"wp","href":"https:\/\/api.w.org\/{rel}","templated":true}]}}