{"id":45944,"date":"2025-04-08T16:45:10","date_gmt":"2025-04-08T16:45:10","guid":{"rendered":"https:\/\/247stiri.ro\/index.php\/2025\/04\/08\/adjunctul-lui-trump-i-a-numit-tarani-pe-chinezi-cum-a-reactionat-beijingul-la-declaratiile-lui-jd-vance\/"},"modified":"2025-04-08T16:45:10","modified_gmt":"2025-04-08T16:45:10","slug":"adjunctul-lui-trump-i-a-numit-tarani-pe-chinezi-cum-a-reactionat-beijingul-la-declaratiile-lui-jd-vance","status":"publish","type":"post","link":"https:\/\/247stiri.ro\/index.php\/2025\/04\/08\/adjunctul-lui-trump-i-a-numit-tarani-pe-chinezi-cum-a-reactionat-beijingul-la-declaratiile-lui-jd-vance\/","title":{"rendered":"Adjunctul lui Trump i-a numit \u201e\u021b\u0103rani\u201d pe chinezi. Cum a reac\u021bionat Beijingul la declara\u021biile lui JD Vance"},"content":{"rendered":"<p>Declara\u021biile vicepre\u0219edintelui lui Donald Trump au fost f\u0103cute \u00een cadrul unui interviu la Fox News, iar ecourile acestora s-au f\u0103cut auzite p\u00e2n\u0103 la Beijing.<\/p>\n<p>China a calificat declara\u021biile drept \u201eignorante\u201d \u0219i \u201enepoliticoase\u201d, subliniind c\u0103 pozi\u021bia Chinei \u00een ceea ce prive\u0219te rela\u021biile economice cu SUA este deja bine definit\u0103. \u00cen acest context, tensiunile comerciale \u00eentre cele dou\u0103 mari economii continu\u0103 s\u0103 se intensifice.<\/p>\n<p>Vance a ap\u0103rat ofensiva comercial\u0103 a pre\u0219edintelui Donald Trump, care a afectat economia global\u0103 prin impunerea de tarife, \u00een special asupra Chinei, \u00een ciuda temerilor legate de posibilele repercusiuni \u0219i a criticilor din partea membrilor propriului s\u0103u partid.<\/p>\n<p>Vicepre\u015fedintele SUA a calificat aceste m\u0103suri drept un antidot pentru \u201ceconomia globalist\u0103\u201d, care, potrivit lui, nu func\u0163ioneaz\u0103 \u00een beneficiul americanilor.<\/p>\n<p>\u201e\u00cemprumut\u0103m bani de la \u0163\u0103ranii chinezi pentru a cump\u0103ra lucrurile pe care le produc acei \u0163\u0103rani\u201d, a spus el.<\/p>\n<p>\u201eAsta nu e o re\u0163et\u0103 de prosperitate economic\u0103. Nu e o re\u0163et\u0103 pentru pre\u0163uri mici \u015fi nu e o re\u0163et\u0103 pentru locuri de munc\u0103 bune \u00een Statele Unite ale Americii\u201d, a ad\u0103ugat m\u00e2na dreapt\u0103 a lui Donald Trump.<\/p>\n<p><a title='JD Vance a ajuns in Groenlanda, unde a avut parte de o primire ,,rece\". Autoritatile l-au pus la punct: ,,Nu am lansat nicio invitatie pentru nicio vizita\"' href=\"https:\/\/www.realitatea.net\/stiri\/actual\/jd-vance-a-ajuns-in-groenlanda-unde-a-avut-parte-de-o-primire-rece-autoritatile-lau-pus-la-punct-guvernul-groenlandei-nu-a-lansat-nicio-invitatie-pentru-nicio-vizita_67e6eb86006c35595653b922\">JD Vance a ajuns \u00een Groenlanda, unde a avut parte de o primire \u201erece\u201d. Autorit\u0103\u021bile l-au pus la punct: \u201eNu am lansat nicio invita\u021bie pentru nicio vizit\u0103\u201d<\/a><\/p>\n<p>R\u0103spunsul Chinei<\/p>\n<p>Mar\u0163i, un purt\u0103tor de cuv\u00e2nt al Ministerului de Externe de la Beijing a reac\u0163ionat afirm\u00e2nd c\u0103 \u201epozi\u0163ia Chinei cu privire la rela\u0163iile economice \u015fi comerciale chino-americane a fost clar exprimat\u0103\u201d.<\/p>\n<p>\u201eEste surprinz\u0103tor \u015fi trist s\u0103 auzim cuvinte at\u00e2t de ignorante \u015fi nepoliticoase din partea acestui vicepre\u015fedinte\u201d, a ad\u0103ugat Lin Jian \u00een cadrul unei conferin\u021be de pres\u0103 .<\/p>\n<p>Donald Trump a instituit, \u00eenc\u0103 de la \u00eenvestirea sa \u00een ianuarie, un tarif suplimentar de 20% pentru produsele din China care sunt importate \u00een Statele Unite, urm\u00e2nd ca acest tarif s\u0103 creasc\u0103 la 54% \u00eencep\u00e2nd de miercuri.<\/p>\n<p>Ca r\u0103spuns, autorit\u0103\u021bile de la Beijing au anun\u021bat c\u0103, \u00eencep\u00e2nd de joi, vor impune noi tarife de 34% pentru m\u0103rfurile americane.<\/p>\n<p>Pre\u0219edintele american a avertizat c\u0103 va majora \u00een continuare taxele vamale cu \u00eenc\u0103 50% dac\u0103 Beijingul \u00ee\u015fi va men\u0163ine r\u0103spunsul.<\/p>\n<p><a title=\"Dupa ce a taxat pinguinii, Trump mai comite o gafa: a pus taxe pe comertul cu o insula unde nu exista decat o baza americana \" href=\"https:\/\/www.realitatea.net\/stiri\/actual\/dupa-ce-a-taxat-pinguinii-trump-mai-comite-o-gafa-a-pus-taxe-pe-comertul-cu-o-insula-unde-nu-exista-decat-o-baza-americana_67efb62f9b54f76276516283\">Dup\u0103 ce a taxat pinguinii, Trump mai comite o gaf\u0103: a pus taxe pe comer\u021bul cu o insul\u0103 unde nu exist\u0103 dec\u00e2t o baz\u0103 american\u0103<\/a><\/p>","protected":false},"excerpt":{"rendered":"<p>Declara\u021biile vicepre\u0219edintelui lui Donald Trump au fost f\u0103cute \u00een cadrul unui interviu la Fox News,&hellip;<\/p>\n","protected":false},"author":0,"featured_media":45939,"comment_status":"open","ping_status":"open","sticky":false,"template":"","format":"standard","meta":{"footnotes":""},"categories":[2],"tags":[],"class_list":["post-45944","post","type-post","status-publish","format-standard","has-post-thumbnail","hentry","category-actual"],"_links":{"self":[{"href":"https:\/\/247stiri.ro\/index.php\/wp-json\/wp\/v2\/posts\/45944","targetHints":{"allow":["GET"]}}],"collection":[{"href":"https:\/\/247stiri.ro\/index.php\/wp-json\/wp\/v2\/posts"}],"about":[{"href":"https:\/\/247stiri.ro\/index.php\/wp-json\/wp\/v2\/types\/post"}],"replies":[{"embeddable":true,"href":"https:\/\/247stiri.ro\/index.php\/wp-json\/wp\/v2\/comments?post=45944"}],"version-history":[{"count":0,"href":"https:\/\/247stiri.ro\/index.php\/wp-json\/wp\/v2\/posts\/45944\/revisions"}],"wp:featuredmedia":[{"embeddable":true,"href":"https:\/\/247stiri.ro\/index.php\/wp-json\/wp\/v2\/media\/45939"}],"wp:attachment":[{"href":"https:\/\/247stiri.ro\/index.php\/wp-json\/wp\/v2\/media?parent=45944"}],"wp:term":[{"taxonomy":"category","embeddable":true,"href":"https:\/\/247stiri.ro\/index.php\/wp-json\/wp\/v2\/categories?post=45944"},{"taxonomy":"post_tag","embeddable":true,"href":"https:\/\/247stiri.ro\/index.php\/wp-json\/wp\/v2\/tags?post=45944"}],"curies":[{"name":"wp","href":"https:\/\/api.w.org\/{rel}","templated":true}]}}