{"id":45945,"date":"2025-04-08T16:45:10","date_gmt":"2025-04-08T16:45:10","guid":{"rendered":"https:\/\/247stiri.ro\/index.php\/2025\/04\/08\/crima-tulburatoare-in-sua-o-dolescenta-de-16-ani-si-a-ucis-mama-adoptiva-o-activista-romanca-dovezi-socante-descoperite-de-anchetatori-in-cazul-mortii-andreei\/"},"modified":"2025-04-08T16:45:10","modified_gmt":"2025-04-08T16:45:10","slug":"crima-tulburatoare-in-sua-o-dolescenta-de-16-ani-si-a-ucis-mama-adoptiva-o-activista-romanca-dovezi-socante-descoperite-de-anchetatori-in-cazul-mortii-andreei","status":"publish","type":"post","link":"https:\/\/247stiri.ro\/index.php\/2025\/04\/08\/crima-tulburatoare-in-sua-o-dolescenta-de-16-ani-si-a-ucis-mama-adoptiva-o-activista-romanca-dovezi-socante-descoperite-de-anchetatori-in-cazul-mortii-andreei\/","title":{"rendered":"Crim\u0103 tulbur\u0103toare \u00een SUA: o dolescent\u0103 de 16 ani \u0219i-a ucis mama adoptiv\u0103, o activist\u0103 rom\u00e2nc\u0103. Dovezi \u0219ocante descoperite de anchetatori \u00een cazul mor\u021bii Andreei"},"content":{"rendered":"<p>Suspectele: fiica ei adoptiv\u0103, \u00een v\u00e2rst\u0103 de 16 ani, \u0219i o prieten\u0103 a acesteia. Cazul a scos la iveal\u0103 o serie de detalii cutremur\u0103toare, inclusiv extrase din jurnalul adolescentei \u00een care aceasta \u00ee\u0219i exprima ura fa\u021b\u0103 de mama sa.<\/p>\n<p>Vacan\u021ba care s-a transformat \u00een co\u0219mar<\/p>\n<p>Andreea Mottran, o rom\u00e2nc\u0103 de 47 de ani cunoscut\u0103 pentru activitatea sa \u00een domeniul drepturilor omului, stabilit\u0103 de ani buni \u00een California, se afla \u00een luna martie \u00eentr-o c\u0103l\u0103torie \u00een statul Utah, unde \u00eenchiriase o cas\u0103 de vacan\u021b\u0103 \u00een Washington City. Ea era \u00eenso\u021bit\u0103 de fiica sa adoptiv\u0103 \u0219i de o prieten\u0103 a acesteia, o adolescent\u0103 de 17 ani.<\/p>\n<p>Pe 23 martie, trupul ne\u00eensufle\u021bit al Andreei a fost g\u0103sit \u00een interiorul locuin\u021bei. Femeia fusese \u00eenjunghiat\u0103 de mai multe ori, iar <a href=\"https:\/\/www.realitatea.net\/stiri\/actual\/autorului-dublului-asasinat-de-la-iasi-condamnat-la-inchisoare-pe-viata-un-student-la-medicina-si-iubita-sa-au-fost-ucisi-cu-sange-rece-in-2021_67ee941281730261f01e1b22\" target=\"_blank\">scena crimei<\/a> le-a oferit anchetatorilor indicii clare despre premeditarea faptei.<\/p>\n<p>Dovezi ascunse, dar nu suficient de bine<\/p>\n<p>\u00cen timpul cercet\u0103rilor, poli\u021bia a descoperit urme de s\u00e2nge, un cu\u021bit sp\u0103lat \u00eentr-o chiuvet\u0103 \u2013 posibil arma crimei \u2013 \u0219i o pereche de pantaloni p\u0103ta\u021bi de s\u00e2nge, care apar\u021bineau fiicei adoptive. \u00cen toalet\u0103 au fost g\u0103site telefoanele mobile ale celor dou\u0103 adolescente \u0219i documente de identitate aruncate, semn c\u0103 au \u00eencercat s\u0103 \u0219tearg\u0103 urmele.<\/p>\n<p>Fetele au fugit din Utah \u0219i au fost localizate ulterior \u00een California, unde au fost arestate. De\u0219i sunt minore, autorit\u0103\u021bile au decis s\u0103 le judece ca pe ni\u0219te adul\u021bi, av\u00e2nd \u00een vedere gravitatea faptei.<\/p>\n<p>Jurnalul care prevestea tragedia<\/p>\n<p><a href=\"https:\/\/www.realitatea.net\/stiri\/extern\/crima-infioratoare-din-gelozie-un-barbat-a-fost-impuscat-mortal-de-sotia-asistenta-dupa-ce-ia-spus-ca-vrea-sa-divorteze_67ee666592db3a77735a1ae2\" target=\"_blank\">Un detaliu crucial<\/a> a ie\u0219it la iveal\u0103 dup\u0103 analizarea bunurilor personale ale adolescentei. \u00cen jurnalul ei, anchetatorii au descoperit pasaje scrise cu luni \u00eenainte, \u00een care \u00ee\u0219i exprima dorin\u021ba de a-\u0219i ucide mama adoptiv\u0103, men\u021bion\u00e2nd ura profund\u0103 pe care o sim\u021bea fa\u021b\u0103 de aceasta. Aceast\u0103 descoperire sugereaz\u0103 c\u0103 atacul nu a fost unul impulsiv, ci premeditat.<\/p>\n<p>Moartea Andreei Mottran a st\u00e2rnit valuri de emo\u021bie \u00een r\u00e2ndul prietenilor \u0219i al celor care au cunoscut-o \u00een activitatea sa profesional\u0103. O campanie de str\u00e2ngere de fonduri a fost lansat\u0103 online pentru a acoperi costurile repatrierii trupului ne\u00eensufle\u021bit \u00een Rom\u00e2nia, unde familia dore\u0219te s\u0103 o \u00eenmorm\u00e2nteze.<\/p>","protected":false},"excerpt":{"rendered":"<p>Suspectele: fiica ei adoptiv\u0103, \u00een v\u00e2rst\u0103 de 16 ani, \u0219i o prieten\u0103 a acesteia. Cazul&hellip;<\/p>\n","protected":false},"author":0,"featured_media":45946,"comment_status":"open","ping_status":"open","sticky":false,"template":"","format":"standard","meta":{"footnotes":""},"categories":[2],"tags":[],"class_list":["post-45945","post","type-post","status-publish","format-standard","has-post-thumbnail","hentry","category-actual"],"_links":{"self":[{"href":"https:\/\/247stiri.ro\/index.php\/wp-json\/wp\/v2\/posts\/45945","targetHints":{"allow":["GET"]}}],"collection":[{"href":"https:\/\/247stiri.ro\/index.php\/wp-json\/wp\/v2\/posts"}],"about":[{"href":"https:\/\/247stiri.ro\/index.php\/wp-json\/wp\/v2\/types\/post"}],"replies":[{"embeddable":true,"href":"https:\/\/247stiri.ro\/index.php\/wp-json\/wp\/v2\/comments?post=45945"}],"version-history":[{"count":0,"href":"https:\/\/247stiri.ro\/index.php\/wp-json\/wp\/v2\/posts\/45945\/revisions"}],"wp:featuredmedia":[{"embeddable":true,"href":"https:\/\/247stiri.ro\/index.php\/wp-json\/wp\/v2\/media\/45946"}],"wp:attachment":[{"href":"https:\/\/247stiri.ro\/index.php\/wp-json\/wp\/v2\/media?parent=45945"}],"wp:term":[{"taxonomy":"category","embeddable":true,"href":"https:\/\/247stiri.ro\/index.php\/wp-json\/wp\/v2\/categories?post=45945"},{"taxonomy":"post_tag","embeddable":true,"href":"https:\/\/247stiri.ro\/index.php\/wp-json\/wp\/v2\/tags?post=45945"}],"curies":[{"name":"wp","href":"https:\/\/api.w.org\/{rel}","templated":true}]}}