{"id":45957,"date":"2025-04-08T17:45:17","date_gmt":"2025-04-08T17:45:17","guid":{"rendered":"https:\/\/247stiri.ro\/index.php\/2025\/04\/08\/generalul-american-care-comanda-fortele-aliate-in-europa-cere-mentinerea-trupelor-sua-pe-continent\/"},"modified":"2025-04-08T17:45:17","modified_gmt":"2025-04-08T17:45:17","slug":"generalul-american-care-comanda-fortele-aliate-in-europa-cere-mentinerea-trupelor-sua-pe-continent","status":"publish","type":"post","link":"https:\/\/247stiri.ro\/index.php\/2025\/04\/08\/generalul-american-care-comanda-fortele-aliate-in-europa-cere-mentinerea-trupelor-sua-pe-continent\/","title":{"rendered":"Generalul american care comand\u0103 for\u021bele aliate \u00een Europa cere men\u021binerea trupelor SUA pe continent"},"content":{"rendered":"<p>Armata american\u0103 are peste 100.000 de solda\u021bi desf\u0103\u0219ura\u021bi \u00een Europa, dar secretarul american al ap\u0103r\u0103rii Pete Hegseth le-a transmis colegilor s\u0103i europeni s\u0103 aib\u0103 \u00een vedere c\u0103 aceast\u0103 prezen\u021b\u0103 nu va dura la nesf\u00e2r\u0219it.\u201dSfatul meu este s\u0103 men\u021bin\u0103 aceast\u0103 postur\u0103 a for\u021bei a\u0219a cum este acum\u201d, a spus generalul Cavoli \u00een timpul unei audieri \u00een Comisia pentru Servicii Armate a Camerei Reprezentan\u021bilor a SUA.De\u0219i Statele Unite \u0219i-au suplimentat cu circa 20.000 de solda\u021bi efectivele \u00een Europa dup\u0103 invazia rus\u0103 \u00een Ucraina, Cavoli a insistat c\u0103 el nu recomand\u0103 diminuarea acestei desf\u0103\u0219ur\u0103ri. \u201dAm recomandat consecvent \u00een aceast\u0103 perioad\u0103 s\u0103 men\u021binem for\u021bele pe care le-am suplimentat \u0219i voi continua s\u0103 fac acest lucru dac\u0103 voi fi \u00eentrebat\u201d, a asigurat generalul american, citat de Agerpres.\u00centrebat dac\u0103 exist\u0103 planuri de relocare a unor trupe americane desf\u0103\u0219urate \u00een prezent pe flancul estic al NATO, Cavoli a spus c\u0103 nu recomand\u0103 nici astfel de schimb\u0103ri. \u201dAmplasamentele principale unde avem aceste for\u021be acum, ele acolo sunt \u0219i acolo inten\u021bionez s\u0103 le p\u0103strez\u201d, a precizat el.<\/p>\n<p><a title=\"Ilie Bolojan: Toate datele care au fost la dispozitia CSAT privind alegerile de anul trecut au fost desecretizate\" href=\"https:\/\/www.realitatea.net\/stiri\/actual\/ilie-bolojan-toate-datele-care-au-fost-la-dispozitia-csat-privind-alegerile-de-anul-trecut-au-fost-desecretizate_67f55185bd481e0e503ee3fb\">Ilie Bolojan: Toate datele care au fost la dispozi\u021bia CSAT privind alegerile de anul trecut au fost desecretizate<\/a>\u00cen timpul audierii, congresmeni at\u00e2t republicani c\u00e2t \u0219i democra\u021bi au estimat c\u0103 o eventual\u0103 decizie a pre\u0219edintelui Donald Trump de retragere a unor trupe americane din Europa ar fi o gre\u0219eal\u0103. Dar o hot\u0103r\u00e2re \u00een acest sens va avea ca fundament \u201dinteresele enun\u021bate de Trump\u201d, a spus la aceea\u0219i audiere Katherine Thompson, asistent\u0103 a secretarului ap\u0103r\u0103rii.Oficiali de rang \u00eenalt din Departamentul american al Ap\u0103r\u0103rii examineaz\u0103 o propunere de retragere a circa 10.000 de militari din Europa de Est, a relatat mar\u021bi postul NBC News, cit\u00e2nd \u0219ase oficiali europeni \u0219i americani ce s-au exprimat pe acest subiect.Unit\u0103\u021bile luate \u00een considerare pentru retragere fac parte din cei circa 20.000 de militari pe care administra\u021bia fostului pre\u0219edinte democrat Joe Biden i-a desf\u0103\u0219urat \u00een 2022 pentru a consolida dup\u0103 invazia rus\u0103 \u00een Ucraina ap\u0103rarea statelor care se \u00eenvecineaz\u0103 cu aceast\u0103 \u021bar\u0103.\u00cen prima sa vizit\u0103 extern\u0103 ca secretar al Ap\u0103r\u0103rii, Pete Hegseth a spus \u00eentr-un discurs la Bruxelles \u00een februarie c\u0103 \u201drealit\u0103\u021bile strategice dure \u00eempiedic\u0103 SUA s\u0103 se axeze \u00een primul r\u00e2nd pe securitatea Europei\u201d. Statele Unite doresc s\u0103-\u0219i concentreze resursele pe securizarea grani\u021bei lor de sud \u0219i pe contracararea Chinei, a explicat Hegseth.<\/p>\n<p><a title=\"MApN, raspuns oficial in scandalul unei posibile retrageri a militarilor americani\" href=\"https:\/\/www.realitatea.net\/stiri\/actual\/mapn-raspuns-oficial-in-scandalul-unei-posibile-retrageri-a-militarilor-americani_67f554b7e8729715801d5feb\">MApN, r\u0103spuns oficial \u00een scandalul unei posibile retrageri a militarilor americani<\/a><\/p>","protected":false},"excerpt":{"rendered":"<p>Armata american\u0103 are peste 100.000 de solda\u021bi desf\u0103\u0219ura\u021bi \u00een Europa, dar secretarul american al ap\u0103r\u0103rii&hellip;<\/p>\n","protected":false},"author":0,"featured_media":45952,"comment_status":"open","ping_status":"open","sticky":false,"template":"","format":"standard","meta":{"footnotes":""},"categories":[2],"tags":[],"class_list":["post-45957","post","type-post","status-publish","format-standard","has-post-thumbnail","hentry","category-actual"],"_links":{"self":[{"href":"https:\/\/247stiri.ro\/index.php\/wp-json\/wp\/v2\/posts\/45957","targetHints":{"allow":["GET"]}}],"collection":[{"href":"https:\/\/247stiri.ro\/index.php\/wp-json\/wp\/v2\/posts"}],"about":[{"href":"https:\/\/247stiri.ro\/index.php\/wp-json\/wp\/v2\/types\/post"}],"replies":[{"embeddable":true,"href":"https:\/\/247stiri.ro\/index.php\/wp-json\/wp\/v2\/comments?post=45957"}],"version-history":[{"count":0,"href":"https:\/\/247stiri.ro\/index.php\/wp-json\/wp\/v2\/posts\/45957\/revisions"}],"wp:featuredmedia":[{"embeddable":true,"href":"https:\/\/247stiri.ro\/index.php\/wp-json\/wp\/v2\/media\/45952"}],"wp:attachment":[{"href":"https:\/\/247stiri.ro\/index.php\/wp-json\/wp\/v2\/media?parent=45957"}],"wp:term":[{"taxonomy":"category","embeddable":true,"href":"https:\/\/247stiri.ro\/index.php\/wp-json\/wp\/v2\/categories?post=45957"},{"taxonomy":"post_tag","embeddable":true,"href":"https:\/\/247stiri.ro\/index.php\/wp-json\/wp\/v2\/tags?post=45957"}],"curies":[{"name":"wp","href":"https:\/\/api.w.org\/{rel}","templated":true}]}}