{"id":45960,"date":"2025-04-08T17:45:19","date_gmt":"2025-04-08T17:45:19","guid":{"rendered":"https:\/\/247stiri.ro\/index.php\/2025\/04\/08\/ilie-bolojan-toate-datele-care-au-fost-la-dispozitia-csat-privind-alegerile-de-anul-trecut-au-fost-desecretizate\/"},"modified":"2025-04-08T17:45:19","modified_gmt":"2025-04-08T17:45:19","slug":"ilie-bolojan-toate-datele-care-au-fost-la-dispozitia-csat-privind-alegerile-de-anul-trecut-au-fost-desecretizate","status":"publish","type":"post","link":"https:\/\/247stiri.ro\/index.php\/2025\/04\/08\/ilie-bolojan-toate-datele-care-au-fost-la-dispozitia-csat-privind-alegerile-de-anul-trecut-au-fost-desecretizate\/","title":{"rendered":"Ilie Bolojan: Toate datele care au fost la dispozi\u021bia CSAT privind alegerile de anul trecut au fost desecretizate"},"content":{"rendered":"<p>Toate datele care au fost la dispozi\u021bia Consiliului Suprem de Ap\u0103rare a \u021a\u0103rii (CSAT) privind alegerile preziden\u021biale de anul trecut au fost desecretizate, a declarat, mar\u021bi, pre\u0219edintele interimar ilie Bolojan, \u00een cadrul unei conferin\u021be de pres\u0103 la Palatul Cotroceni.<\/p>\n\n<p>\u00cen acest sens, a ar\u0103tat c\u0103 declara\u021biile ulterioare pe acest subiect apar\u021bin emiten\u021bilor. \u201dDeclara\u021biile \u0219i le asum\u0103 to\u021bi cei care le declar\u0103\u201d, a afirmat Bolojan.<\/p>\n<p>Pre\u0219edintele interimar s-a referit \u0219i la poten\u021biale interferen\u021be hibride \u00een acest proces electoral. \u201dNu avem astfel de informa\u021bii despre o chestiune iminent\u0103, dar fiind \u00een Europa de Est, fiind \u00een proximitatea unui r\u0103zboi, ceea ce s-a \u00eent\u00e2mplat \u00een ultimii ani, aceste r\u0103zboaie hibride, care \u00eenseamn\u0103 atacuri cibernetice asupra infrastructurii noastre de IT, de comunica\u021bii, a site-urilor, de exemplu, care \u021bin de partea de afi\u0219aj electoral, prezen\u021ba la vot, cum s-a \u00eent\u00e2mplat data trecut\u0103, atacuri hibride care \u00eencearc\u0103 s\u0103 dezbine popula\u021bia, s\u0103 semene o ne\u00eencredere \u0219i mai mare \u00een autorit\u0103\u021bi, pe fondul ne\u00eencrederii care exist\u0103, s\u0103 divizeze oamenii, s\u0103 diabolizeze toate lucrurile\u201d, a explicat pre\u0219edintele interimar.Ilie Bolojan a subliniat responsabilitatea institu\u021biilor abilitate. \u201dAcestea sunt chestiuni de care nu vom sc\u0103pa nici \u00een aceast\u0103 lun\u0103 care va veni \u0219i, a\u0219a cum am discutat cu toate institu\u021biile implicate \u00een organizarea alegerilor, cred c\u0103 lec\u021bia de anul trecut nu mai permite niciunei institu\u021bii s\u0103 invoce c\u0103 este nepreg\u0103tit\u0103 \u0219i ceea ce trebuie s\u0103 facem \u0219i trebuie s\u0103 fac\u0103 fiecare institu\u021bie este s\u0103 limiteze astfel de atacuri hibride, s\u0103 elimine prin mecanismele care sunt stabilite legal &#8211; Autoritatea Electoral\u0103, Biroul Electoral, ANCOM-ul \u0219i celelalte autorit\u0103\u021bi, CNA-ul de exemplu &#8211; con\u021binutul care este ilegal, fake news-urile, \u00een a\u0219a fel \u00eenc\u00e2t rom\u00e2nii s\u0103 \u00ee\u0219i fac\u0103 o percep\u021bie de vot \u0219i s\u0103 voteze dup\u0103 modul \u00een care candida\u021bii \u00ee\u0219i fac campanie, mai bun\u0103 sau mai proast\u0103, dup\u0103 declara\u021biile pe care le fac, dup\u0103 modul \u00een care interac\u021bioneaz\u0103 cu oamenii \u0219i nu dup\u0103 aceste atacuri hibride\u201d, a punctat Bolojan.<\/p>\n<p><a title=\"Nicusor Dan si Ilie Bolojan ar putea pregati un partid nou. Planul care zguduie scena politica\" href=\"https:\/\/www.realitatea.net\/stiri\/actual\/nicusor-dan-si-ilie-bolojan-ar-putea-pregati-un-partid-nou-planul-care-zguduie-scena-politica_67f4eb90bcd05c41f321dbc6\">Nicu\u0219or Dan \u0219i Ilie Bolojan ar putea preg\u0103ti un partid nou. Planul care zguduie scena politic\u0103<\/a>\u00cen opinia sa, \u021bara noastr\u0103 este mai bine preg\u0103tit\u0103 fa\u021b\u0103 de anul trecut. &#8216;Sunt convins c\u0103 suntem mai bine preg\u0103ti\u021bi dec\u00e2t \u00een noiembrie vizavi de acest lucru. Dar nu va fi o situa\u021bie \u00een care dintr-o dat\u0103 totul se va lini\u0219ti&#8217;, a afirmat pre\u0219edintele interimar.<\/p>\n<p>Bolojan a fost \u00eentrebat dac\u0103 tarifele impuse de Statele Unite ale Americii nu vor afecta contractele privind \u00eenzestrarea Armatei.<\/p>\n<p>\u201dAceste contracte nu sunt afectate de tarife, deci nu vor avea tarifele un impact pe derularea acestor contracte \u0219i accesarea de fonduri europene pe Ap\u0103rare va face ca achizi\u021bia s\u0103 se fac\u0103 majoritar, ca pondere, din \u021b\u0103rile Uniunii Europene, dar nu este o interdic\u021bie pentru a se face achizi\u021bii, de exemplu, \u0219i din Statele Unite \u0219i doar s\u0103 existe o pondere majoritar\u0103 din \u021b\u0103rile Uniunii Europene. Exist\u0103 componente militare care nu pot fi achizi\u021bionate din Uniunea European\u0103, doar Statele Unite ale Americii le produc, doar ele au aceste capabilit\u0103\u021bi \u0219i trebuie s\u0103 \u021bii cont de aceast\u0103 chestiune, pe de o parte, \u0219i, pe de alt\u0103 parte, este normal ca Europa s\u0103 contribuie mai mult la ap\u0103rarea ei, acesta este adev\u0103rul\u201d, a spus Bolojan, \u00eentr-o conferin\u021b\u0103 de pres\u0103 la Palatul Cotroceni.El a ar\u0103tat c\u0103 toate contractele pe care Rom\u00e2nia le are \u00eencheiate vor fi men\u021binute.\u201dExist\u0103 \u00een continuare aceast\u0103 disponibilitate, dar pentru a accesa finan\u021b\u0103rile europene pe ap\u0103rare, exact ca \u0219i atunci c\u00e2nd se depune o aplica\u021bie de finan\u021bare, trebuie s\u0103 respec\u021bi regulile care sunt stabilite pentru aceast\u0103 aplica\u021bie de finan\u021bare \u0219i \u00een aceste zile se lucreaz\u0103 la aceste reguli. O echip\u0103 din Rom\u00e2nia se va deplasa la Bruxelles pentru a clarifica aceste aspecte, \u00een a\u0219a fel \u00eenc\u00e2t s\u0103 ne putem definitiva aplica\u021bia \u0219i \u00een perioada urm\u0103toare s\u0103 putem s\u0103 avem o estimare a proiectului pe care Rom\u00e2nia ar dori s\u0103-l depun\u0103, a ceea ce putem finan\u021ba din aceste fonduri \u0219i ele nu exclud achizi\u021bii, nu \u0219tiu, din Statele Unite, din Marea Britanie sau din \u021b\u0103ri care sunt membre ale NATO, dar nu sunt membre \u00een Uniunea European\u0103\u201d, a ad\u0103ugat Bolojan.<\/p>\n<p><a title=\"Ilie Bolojan: Trebuie gasite rapid solutii eficiente pentru razboiul hibrid, dezinformarea, securitatea si criminalitatea cibernetice\" href=\"https:\/\/www.realitatea.net\/stiri\/politica\/ilie-bolojan-trebuie-gasite-rapid-solutii-eficiente-pentru-razboiul-hibrid-dezinformarea-securitatea-si-criminalitatea-cibernetice_67f4f41dc70d004cda149482\">Ilie Bolojan: Trebuie g\u0103site rapid solu\u0163ii eficiente pentru r\u0103zboiul hibrid, dezinformarea, securitatea \u015fi criminalitatea cibernetice<\/a><\/p>","protected":false},"excerpt":{"rendered":"<p>Toate datele care au fost la dispozi\u021bia Consiliului Suprem de Ap\u0103rare a \u021a\u0103rii (CSAT) privind&hellip;<\/p>\n","protected":false},"author":0,"featured_media":45941,"comment_status":"open","ping_status":"open","sticky":false,"template":"","format":"standard","meta":{"footnotes":""},"categories":[2],"tags":[],"class_list":["post-45960","post","type-post","status-publish","format-standard","has-post-thumbnail","hentry","category-actual"],"_links":{"self":[{"href":"https:\/\/247stiri.ro\/index.php\/wp-json\/wp\/v2\/posts\/45960","targetHints":{"allow":["GET"]}}],"collection":[{"href":"https:\/\/247stiri.ro\/index.php\/wp-json\/wp\/v2\/posts"}],"about":[{"href":"https:\/\/247stiri.ro\/index.php\/wp-json\/wp\/v2\/types\/post"}],"replies":[{"embeddable":true,"href":"https:\/\/247stiri.ro\/index.php\/wp-json\/wp\/v2\/comments?post=45960"}],"version-history":[{"count":0,"href":"https:\/\/247stiri.ro\/index.php\/wp-json\/wp\/v2\/posts\/45960\/revisions"}],"wp:featuredmedia":[{"embeddable":true,"href":"https:\/\/247stiri.ro\/index.php\/wp-json\/wp\/v2\/media\/45941"}],"wp:attachment":[{"href":"https:\/\/247stiri.ro\/index.php\/wp-json\/wp\/v2\/media?parent=45960"}],"wp:term":[{"taxonomy":"category","embeddable":true,"href":"https:\/\/247stiri.ro\/index.php\/wp-json\/wp\/v2\/categories?post=45960"},{"taxonomy":"post_tag","embeddable":true,"href":"https:\/\/247stiri.ro\/index.php\/wp-json\/wp\/v2\/tags?post=45960"}],"curies":[{"name":"wp","href":"https:\/\/api.w.org\/{rel}","templated":true}]}}