{"id":45963,"date":"2025-04-08T18:45:03","date_gmt":"2025-04-08T18:45:03","guid":{"rendered":"https:\/\/247stiri.ro\/index.php\/2025\/04\/08\/un-fost-fotbalist-si-om-de-afaceri-si-a-schimbat-radical-viata-dupa-botezul-religios-la-45-de-ani-ce-stil-de-viata-are-in-prezent\/"},"modified":"2025-04-08T18:45:03","modified_gmt":"2025-04-08T18:45:03","slug":"un-fost-fotbalist-si-om-de-afaceri-si-a-schimbat-radical-viata-dupa-botezul-religios-la-45-de-ani-ce-stil-de-viata-are-in-prezent","status":"publish","type":"post","link":"https:\/\/247stiri.ro\/index.php\/2025\/04\/08\/un-fost-fotbalist-si-om-de-afaceri-si-a-schimbat-radical-viata-dupa-botezul-religios-la-45-de-ani-ce-stil-de-viata-are-in-prezent\/","title":{"rendered":"Un fost fotbalist \u0219i om de afaceri, \u0219i-a schimbat radical via\u021ba dup\u0103 botezul religios la 45 de ani. Ce stil de via\u021b\u0103 are \u00een prezent"},"content":{"rendered":"<p>Ast\u0103zi, Aliu\u021b\u0103 afirm\u0103 c\u0103 noua lui credin\u021b\u0103 i-a oferit o alt\u0103 perspectiv\u0103 asupra vie\u021bii \u0219i l-a \u00eenv\u0103\u021bat s\u0103 se deta\u0219eze de valorile lume\u0219ti.<\/p>\n<p>Via\u021b\u0103 nou\u0103, reguli noi<\/p>\n<p>Fostul mijloca\u0219 de la Steaua \u0219i Rapid a adoptat un stil de via\u021b\u0103 strict, bazat pe post \u0219i disciplin\u0103. Acesta \u021bine post zilnic p\u00e2n\u0103 la ora 18:00, consum\u00e2nd doar ap\u0103, pe care \u00eel consider\u0103 un gest de sacrificiu pentru credin\u021b\u0103.<\/p>\n<p>\u201ePentru mine, postul nu e doar despre m\u00e2ncare, ci despre renun\u021bare la tot ce e lumesc. E un exerci\u021biu al voin\u021bei \u0219i o cale de apropiere de Dumnezeu\u201d, a explicat Aliu\u021b\u0103 \u00eentr-o declara\u021bie recent\u0103.<\/p>\n<p>Trecutul controversat nu poate fi ignorat<\/p>\n<p>Convertirea spiritual\u0103 vine dup\u0103 o serie de episoade controversate care au \u021binut numele lui Marian Aliu\u021b\u0103 \u00een aten\u021bia publicului. \u00cen urm\u0103 cu doi ani, a fost implicat \u00eentr-un proces ini\u021biat de o vecin\u0103 care l-a acuzat de construc\u021bii ilegale. Mai mult, \u00een urm\u0103 cu peste un deceniu, a fost surprins, al\u0103turi de fratele s\u0103u, agres\u00e2nd un b\u0103rbat \u00eentr-un magazin din Bucure\u0219ti, \u00eentr-un conflict pornit, potrivit relat\u0103rilor, de la o disput\u0103 legat\u0103 de o femeie.<\/p>\n<p><a href=\"https:\/\/www.realitatea.net\/stiri\/monden\/decizie-inedita-in-showbiz-irinel-columbeanu-pleaca-de-la-azil-unde-a-decis-sa-mearga-fostul-afacerist_67e4118a2b2bf52543323dda\" target=\"_blank\">Convertit \u00een antreprenor<\/a> \u00een domeniul imobiliar, Aliu\u021b\u0103 conduce firma Alizone Residence SRL, \u00eens\u0103 rezultatele financiare recente nu au fost \u00eencurajatoare. \u00cen 2021, compania a \u00eenregistrat pierderi de peste 150.000 de lei, iar \u00een 2022, pierderile s-au redus la aproximativ 20.000 de lei, la o cifr\u0103 de afaceri de aproape 1,9 milioane de lei. Anul cel mai profitabil a fost 2020, c\u00e2nd firma a ob\u021binut un profit de peste 540.000 de lei.<\/p>\n<p>Pe l\u00e2ng\u0103 problemele financiare, Aliu\u021b\u0103 a fost implicat \u0219i \u00eentr-un litigiu legat de facturi restante la gaze, \u00eencheiat cu o executare silit\u0103. El sus\u021bine c\u0103 datoriile nu \u00eei apar\u021bineau, ci \u021bineau de neglijen\u021ba cump\u0103r\u0103torilor locuin\u021belor construite de el.<\/p>\n<p>Confesiuni despre via\u021ba personal\u0103<\/p>\n<p><a href=\"https:\/\/www.realitatea.net\/stiri\/monden\/petrecere-de-lux-pentru-fiul-lui-pescobar-dedicatii-extravagante-pahare-sparte-si-adi-minune-pe-scena-cum-sa-dat-in-stamba-afaceristul-de-fata-cu-invitatii_67d48300d3d66c2c151c58c2\" target=\"_blank\">\u00centr-un podcast recent<\/a>, Marian Aliu\u021b\u0103 a vorbit deschis despre gre\u0219elile din trecut, recunosc\u00e2nd c\u0103 \u0219i-a \u00een\u0219elat so\u021bia \u00een repetate r\u00e2nduri. A m\u0103rturisit c\u0103, de\u0219i a fost prins de mai multe ori, so\u021bia sa nu a luat niciodat\u0103 \u00een calcul ideea divor\u021bului.<\/p>\n<p>\u201eAm gre\u0219it mult. Dar Dumnezeu mi-a dat o so\u021bie care a avut r\u0103bdare cu mine. Asta a fost poate cel mai mare dar primit vreodat\u0103\u201d, a spus Aliu\u021b\u0103, reflect\u00e2nd asupra trecutului s\u0103u tumultuos.<\/p>\n<p>Ast\u0103zi, Marian Aliu\u021b\u0103 spune c\u0103 \u00eencearc\u0103 s\u0103 repare ce a gre\u0219it \u0219i s\u0103 tr\u0103iasc\u0103 cu sens. Trecutul s\u0103u r\u0103m\u00e2ne \u00een umbr\u0103, dar prin noua direc\u021bie spiritual\u0103, sper\u0103 s\u0103 inspire schimbare \u2013 \u00een el \u0219i poate \u00een al\u021bii.<\/p>","protected":false},"excerpt":{"rendered":"<p>Ast\u0103zi, Aliu\u021b\u0103 afirm\u0103 c\u0103 noua lui credin\u021b\u0103 i-a oferit o alt\u0103 perspectiv\u0103 asupra vie\u021bii \u0219i&hellip;<\/p>\n","protected":false},"author":0,"featured_media":45964,"comment_status":"open","ping_status":"open","sticky":false,"template":"","format":"standard","meta":{"footnotes":""},"categories":[5],"tags":[],"class_list":["post-45963","post","type-post","status-publish","format-standard","has-post-thumbnail","hentry","category-sport"],"_links":{"self":[{"href":"https:\/\/247stiri.ro\/index.php\/wp-json\/wp\/v2\/posts\/45963","targetHints":{"allow":["GET"]}}],"collection":[{"href":"https:\/\/247stiri.ro\/index.php\/wp-json\/wp\/v2\/posts"}],"about":[{"href":"https:\/\/247stiri.ro\/index.php\/wp-json\/wp\/v2\/types\/post"}],"replies":[{"embeddable":true,"href":"https:\/\/247stiri.ro\/index.php\/wp-json\/wp\/v2\/comments?post=45963"}],"version-history":[{"count":0,"href":"https:\/\/247stiri.ro\/index.php\/wp-json\/wp\/v2\/posts\/45963\/revisions"}],"wp:featuredmedia":[{"embeddable":true,"href":"https:\/\/247stiri.ro\/index.php\/wp-json\/wp\/v2\/media\/45964"}],"wp:attachment":[{"href":"https:\/\/247stiri.ro\/index.php\/wp-json\/wp\/v2\/media?parent=45963"}],"wp:term":[{"taxonomy":"category","embeddable":true,"href":"https:\/\/247stiri.ro\/index.php\/wp-json\/wp\/v2\/categories?post=45963"},{"taxonomy":"post_tag","embeddable":true,"href":"https:\/\/247stiri.ro\/index.php\/wp-json\/wp\/v2\/tags?post=45963"}],"curies":[{"name":"wp","href":"https:\/\/api.w.org\/{rel}","templated":true}]}}