{"id":45967,"date":"2025-04-08T18:45:06","date_gmt":"2025-04-08T18:45:06","guid":{"rendered":"https:\/\/247stiri.ro\/index.php\/2025\/04\/08\/scene-terifiante-pe-o-strada-din-craiova-un-barbat-de-50-de-ani-s-a-dezbracat-complet-in-fata-unei-copile-de-8-ani\/"},"modified":"2025-04-08T18:45:06","modified_gmt":"2025-04-08T18:45:06","slug":"scene-terifiante-pe-o-strada-din-craiova-un-barbat-de-50-de-ani-s-a-dezbracat-complet-in-fata-unei-copile-de-8-ani","status":"publish","type":"post","link":"https:\/\/247stiri.ro\/index.php\/2025\/04\/08\/scene-terifiante-pe-o-strada-din-craiova-un-barbat-de-50-de-ani-s-a-dezbracat-complet-in-fata-unei-copile-de-8-ani\/","title":{"rendered":"Scene terifiante pe o strad\u0103 din Craiova! Un b\u0103rbat de 50 de ani s-a dezbr\u0103cat COMPLET \u00een fa\u021ba unei copile de 8 ani"},"content":{"rendered":"<p>Cum s-a \u00eent\u00e2mplat incidentul?<\/p>\n<p>Feti\u021ba de 8 ani mergea la un magazin din apropierea casei, chiar \u00een plin\u0103 zi, moment \u00een care a fost abordat\u0103 de un individ de 50 de ani. B\u0103rbatul locuie\u0219te \u00een acela\u0219i cartier.<\/p>\n<p><a href=\"https:\/\/www.realitatea.net\/stiri\/actual\/lajos-kristof-antrenorul-de-genii-a-fost-arestat-explicatia-naucioare-data-anchetatorilor-barbatul-sustine-ca-se-afla-intro-stare-de-somnambulism_669d59b1e6321400ca257242\" target=\"_blank\">Acesta a fost surprins<\/a> de camerele de supraveghere, cum coboar\u0103 de pe trotinet\u0103, se apropie de copil\u0103 \u0219i \u00ee\u0219i d\u0103 pantalonii jos de pe el.<\/p>\n<p>Minora s-a speriat teribil \u0219i a fugit imediat spre cas\u0103, acolo unde i-a povestit mamei sale experien\u021ba traumatizant\u0103. Femeia a sunat de urgen\u021b\u0103 la 112, iar \u00een c\u00e2teva momente individul a fost prins de oamenii legii la un kilometru distan\u021b\u0103 de locul faptei.<\/p>\n<p><a href=\"https:\/\/www.realitatea.net\/stiri\/actual\/politista-acuzata-ca-a-luat-mita-bani-fructe-si-un-parfum-pentru-a-scapa-un-brazilian-de-acuzatiile-de-viol-asupra-unui-minor_67aee3fbb631031e9e5f76d2\" target=\"_blank\">F\u0103pta\u0219ul a fost re\u021binut<\/a> pentru corupere sexual\u0103 a minorilor \u015fi ultraj contra bunelor moravuri. Se afl\u0103 sub control judiciar pentru 60 de zile.<\/p>","protected":false},"excerpt":{"rendered":"<p>Cum s-a \u00eent\u00e2mplat incidentul? Feti\u021ba de 8 ani mergea la un magazin din apropierea casei,&hellip;<\/p>\n","protected":false},"author":0,"featured_media":45968,"comment_status":"open","ping_status":"open","sticky":false,"template":"","format":"standard","meta":{"footnotes":""},"categories":[2],"tags":[],"class_list":["post-45967","post","type-post","status-publish","format-standard","has-post-thumbnail","hentry","category-actual"],"_links":{"self":[{"href":"https:\/\/247stiri.ro\/index.php\/wp-json\/wp\/v2\/posts\/45967","targetHints":{"allow":["GET"]}}],"collection":[{"href":"https:\/\/247stiri.ro\/index.php\/wp-json\/wp\/v2\/posts"}],"about":[{"href":"https:\/\/247stiri.ro\/index.php\/wp-json\/wp\/v2\/types\/post"}],"replies":[{"embeddable":true,"href":"https:\/\/247stiri.ro\/index.php\/wp-json\/wp\/v2\/comments?post=45967"}],"version-history":[{"count":0,"href":"https:\/\/247stiri.ro\/index.php\/wp-json\/wp\/v2\/posts\/45967\/revisions"}],"wp:featuredmedia":[{"embeddable":true,"href":"https:\/\/247stiri.ro\/index.php\/wp-json\/wp\/v2\/media\/45968"}],"wp:attachment":[{"href":"https:\/\/247stiri.ro\/index.php\/wp-json\/wp\/v2\/media?parent=45967"}],"wp:term":[{"taxonomy":"category","embeddable":true,"href":"https:\/\/247stiri.ro\/index.php\/wp-json\/wp\/v2\/categories?post=45967"},{"taxonomy":"post_tag","embeddable":true,"href":"https:\/\/247stiri.ro\/index.php\/wp-json\/wp\/v2\/tags?post=45967"}],"curies":[{"name":"wp","href":"https:\/\/api.w.org\/{rel}","templated":true}]}}