{"id":45969,"date":"2025-04-08T18:45:07","date_gmt":"2025-04-08T18:45:07","guid":{"rendered":"https:\/\/247stiri.ro\/index.php\/2025\/04\/08\/a-fost-montata-crucea-de-pe-turla-catedralei-mantuirii-neamului-are-sapte-metri-si-sapte-tone\/"},"modified":"2025-04-08T18:45:07","modified_gmt":"2025-04-08T18:45:07","slug":"a-fost-montata-crucea-de-pe-turla-catedralei-mantuirii-neamului-are-sapte-metri-si-sapte-tone","status":"publish","type":"post","link":"https:\/\/247stiri.ro\/index.php\/2025\/04\/08\/a-fost-montata-crucea-de-pe-turla-catedralei-mantuirii-neamului-are-sapte-metri-si-sapte-tone\/","title":{"rendered":"A fost montat\u0103 crucea de pe turla Catedralei M\u00e2ntuirii Neamului. Are \u0219apte metri \u0219i \u0219apte tone"},"content":{"rendered":"<p>Este \u00eenalt\u0103 de \u0219apte metri \u0219i c\u00e2nt\u0103re\u0219te \u0219apte tone. Catedrala va fi inaugurat\u0103 anul acesta pe 27 octombrie, atunci c\u00e2nd va fi pr\u0103znuit Sf\u00e2ntul Dimitrie Cel Nou, ocrotitorul Capitalei.\u00a0<\/p>\n<p>S-a montat turla de pe Catedrala Neamului<\/p>\n<p>Un simbol al ortodoxiei \u00een \u021bara noastr\u0103, Catedrala Neamului este aproape de a fi finalizat\u0103.<\/p>\n<p>Ast\u0103zi, a fost <a href=\"https:\/\/www.realitatea.net\/stiri\/actual\/pelerinaj-istoric-in-capitala-la-catedrala-mantuirii-neamului-mii-de-oameni-la-racla-sfantului-dimitrie_6624a67af6d0aa4e7c09e562\" target=\"_blank\">montat\u0103 crucea de pe turla cea mare,<\/a> o cruce uria\u0219\u0103 de \u0219apte metri cu o greutate de \u0219apte tone, un simbol al cre\u0219tinismului, o speran\u021ba pe cer \u0219i o aducere aminte c\u0103 nu putem face absolut nimic f\u0103r\u0103 Dumnezeu.<\/p>\n<p>La pictura catedralei lucreaz\u0103 220 de pictori. Vorbim despre o pictur\u0103 \u00een stil bizantin care se desf\u0103\u0219oar\u0103 pe o suprafa\u021b\u0103 de 25 de mii de metri p\u0103tra\u021bi, iar catapeteasma pictat\u0103 \u00een mozaic pe o suprafa\u021b\u0103 de 400 de metri p\u0103tra\u021bi reprezint\u0103 cea mai mare lucrare de acest fel din toat\u0103 lumea ortodox\u0103.<\/p>\n<p><a href=\"https:\/\/www.realitatea.net\/stiri\/social\/catedrala-nationala-va-fi-sfintita-in-luna-octombrie-ceremonie-impresionata-pentru-evenimentul-ortdodox_677fd5836fa87e4240496c23\" target=\"_blank\">Catedrala M\u00e2ntuirii Neamului<\/a> va fi inaugurat\u0103 pe data de 27 octombrie, atunci c\u00e2nd va fi pr\u0103znuit Sf\u00e2ntul Dimitrie Cel Nou, ocrotitorul Capitalei. O dat\u0103 care nu a fost aleas\u0103 \u00eent\u00e2mpl\u0103tor. Ci pentru c\u0103 marcheaz\u0103 140 de ani de c\u00e2nd Bisericii Ortodoxe Rom\u00e2ne i-a fost recunoscut statutul de Biseric\u0103 Autocefal\u0103 \u015fi 100 de ani de c\u00e2nd a fost ridicat\u0103 la rangul de Patriarhie.\u00a0<\/p>\n<p>\u00a0<\/p>","protected":false},"excerpt":{"rendered":"<p>Este \u00eenalt\u0103 de \u0219apte metri \u0219i c\u00e2nt\u0103re\u0219te \u0219apte tone. Catedrala va fi inaugurat\u0103 anul acesta&hellip;<\/p>\n","protected":false},"author":0,"featured_media":45970,"comment_status":"open","ping_status":"open","sticky":false,"template":"","format":"standard","meta":{"footnotes":""},"categories":[2],"tags":[],"class_list":["post-45969","post","type-post","status-publish","format-standard","has-post-thumbnail","hentry","category-actual"],"_links":{"self":[{"href":"https:\/\/247stiri.ro\/index.php\/wp-json\/wp\/v2\/posts\/45969","targetHints":{"allow":["GET"]}}],"collection":[{"href":"https:\/\/247stiri.ro\/index.php\/wp-json\/wp\/v2\/posts"}],"about":[{"href":"https:\/\/247stiri.ro\/index.php\/wp-json\/wp\/v2\/types\/post"}],"replies":[{"embeddable":true,"href":"https:\/\/247stiri.ro\/index.php\/wp-json\/wp\/v2\/comments?post=45969"}],"version-history":[{"count":0,"href":"https:\/\/247stiri.ro\/index.php\/wp-json\/wp\/v2\/posts\/45969\/revisions"}],"wp:featuredmedia":[{"embeddable":true,"href":"https:\/\/247stiri.ro\/index.php\/wp-json\/wp\/v2\/media\/45970"}],"wp:attachment":[{"href":"https:\/\/247stiri.ro\/index.php\/wp-json\/wp\/v2\/media?parent=45969"}],"wp:term":[{"taxonomy":"category","embeddable":true,"href":"https:\/\/247stiri.ro\/index.php\/wp-json\/wp\/v2\/categories?post=45969"},{"taxonomy":"post_tag","embeddable":true,"href":"https:\/\/247stiri.ro\/index.php\/wp-json\/wp\/v2\/tags?post=45969"}],"curies":[{"name":"wp","href":"https:\/\/api.w.org\/{rel}","templated":true}]}}