{"id":46033,"date":"2025-04-09T05:45:21","date_gmt":"2025-04-09T05:45:21","guid":{"rendered":"https:\/\/247stiri.ro\/index.php\/2025\/04\/09\/cat-de-des-trebuie-sa-ti-speli-parul-ce-recomanda-specialistii\/"},"modified":"2025-04-09T05:45:21","modified_gmt":"2025-04-09T05:45:21","slug":"cat-de-des-trebuie-sa-ti-speli-parul-ce-recomanda-specialistii","status":"publish","type":"post","link":"https:\/\/247stiri.ro\/index.php\/2025\/04\/09\/cat-de-des-trebuie-sa-ti-speli-parul-ce-recomanda-specialistii\/","title":{"rendered":"C\u00e2t de des trebuie s\u0103-\u021bi speli p\u0103rul. Ce recomand\u0103 speciali\u0219tii"},"content":{"rendered":"<p>Beneficiile neb\u0103nuite ale pauzei de la \u0219ampon<\/p>\n<p class=\"svelte-uzyam9\">Dr. Steven Line, cosmetolog \u0219i purt\u0103tor de cuv\u00e2nt al Asocia\u021biei Americane de Cosmetic\u0103, sus\u021bine c\u0103, pentru unele persoane, o pauz\u0103 de \u0219apte zile de la sp\u0103lare poate aduce beneficii nea\u0219teptate. Uleiurile naturale produse de scalp pot ac\u021biona ca un tratament profund hidratant, conferind p\u0103rului o str\u0103lucire s\u0103n\u0103toas\u0103 \u0219i o textur\u0103 mai fin\u0103, scrie <a href=\"https:\/\/click.ro\/\" target=\"_blank\">click.ro<\/a><\/p>\n<p class=\"svelte-uzyam9\">Acest lucru este valabil \u00een special pentru cei cu p\u0103r uscat, ondulat sau cre\u021b, care au tendin\u021ba de a se deshidrata mai repede \u0219i care pot beneficia de aceast\u0103 reechilibrare natural\u0103 a sebumului. Cu alte cuvinte, pentru unii, \u0219apte zile f\u0103r\u0103 sp\u0103lat pot \u00eensemna o regenerare subtil\u0103 \u0219i o mai bun\u0103 definire a buclelor.<\/p>\n<p>Riscurile nev\u0103zute ale \u201epauzei\u201d<\/p>\n<p class=\"svelte-uzyam9\">Totu\u0219i, aceast\u0103 metod\u0103 nu este universal valabil\u0103. \u00cen special pentru cei cu un scalp gras sau predispus la m\u0103trea\u021b\u0103, o s\u0103pt\u0103m\u00e2n\u0103 f\u0103r\u0103 \u0219ampon poate duce la acumularea de sebum, celule moarte \u0219i impurit\u0103\u021bi. Rezultatul? P\u0103r cu aspect uleios, m\u00e2nc\u0103rimi persistente \u0219i chiar un miros nepl\u0103cut.<\/p>\n<p class=\"svelte-uzyam9\">Mai mult, mediul umed \u0219i \u00eenc\u0103rcat de pe scalp poate favoriza apari\u021bia bacteriilor \u0219i a fungilor, cresc\u00e2nd riscul de infec\u021bii \u0219i irita\u021bii. \u00cen unele cazuri, neglijarea igienei poate duce chiar la c\u0103derea p\u0103rului sau la deteriorarea foliculilor.<\/p>\n<p>Mitul sp\u0103l\u0103rii zilnice \u0219i adev\u0103rul din spatele rutinei ideale<\/p>\n<p class=\"svelte-uzyam9\">O gre\u0219eal\u0103 frecvent\u0103 este sp\u0103larea excesiv\u0103 a p\u0103rului, \u00een special cu produse agresive care \u00eendep\u0103rteaz\u0103 complet stratul protector de uleiuri naturale. De aceea, speciali\u0219tii recomand\u0103 adaptarea frecven\u021bei de sp\u0103lare \u00een func\u021bie de tipul de p\u0103r \u0219i nevoile personale. Uneori, mai pu\u021bin \u00eenseamn\u0103 mai bine, dar cu limite.<\/p>\n<p class=\"svelte-uzyam9\">Pentru cei care doresc s\u0103 am\u00e2ne sp\u0103latul f\u0103r\u0103 a compromite aspectul p\u0103rului, \u0219amponul uscat poate fi o solu\u021bie temporar\u0103, dar nu ar trebui s\u0103 devin\u0103 o obi\u0219nuin\u021b\u0103. Acesta mascheaz\u0103 excesul de sebum, dar nu \u00eenlocuie\u0219te cur\u0103\u021barea propriu-zis\u0103 a scalpului.<\/p>\n<p class=\"svelte-uzyam9\">Nu exist\u0103 o regul\u0103 unic\u0103 pentru toat\u0103 lumea. Ce func\u021bioneaz\u0103 pentru o persoan\u0103 poate fi dezastruos pentru alta. Important este s\u0103 fim aten\u021bi la semnalele corpului \u0219i s\u0103 ajust\u0103m rutina de \u00eengrijire \u00een func\u021bie de acestea. O s\u0103pt\u0103m\u00e2n\u0103 f\u0103r\u0103\u00a0\u0219ampon\u00a0nu e, \u00een sine, nici o crim\u0103, nici o revolu\u021bie \u2013 este doar o decizie care trebuie luat\u0103 informat.<\/p>\n<p><a href=\"https:\/\/www.realitatea.net\/stiri\/actual\/plantele-care-stimuleaza-productia-naturala-de-colagen-si-mentin-pielea-tanara-si-articulatiile-sanatoase_67d7f592af313e1ce9130a7d\" target=\"_blank\">Plantele care stimuleaz\u0103 produc\u021bia natural\u0103 de colagen \u0219i men\u021bin pielea t\u00e2n\u0103r\u0103 \u0219i articula\u021biile s\u0103n\u0103toase<\/a><\/p>","protected":false},"excerpt":{"rendered":"<p>Beneficiile neb\u0103nuite ale pauzei de la \u0219ampon Dr. Steven Line, cosmetolog \u0219i purt\u0103tor de cuv\u00e2nt&hellip;<\/p>\n","protected":false},"author":0,"featured_media":46025,"comment_status":"open","ping_status":"open","sticky":false,"template":"","format":"standard","meta":{"footnotes":""},"categories":[2],"tags":[],"class_list":["post-46033","post","type-post","status-publish","format-standard","has-post-thumbnail","hentry","category-actual"],"_links":{"self":[{"href":"https:\/\/247stiri.ro\/index.php\/wp-json\/wp\/v2\/posts\/46033","targetHints":{"allow":["GET"]}}],"collection":[{"href":"https:\/\/247stiri.ro\/index.php\/wp-json\/wp\/v2\/posts"}],"about":[{"href":"https:\/\/247stiri.ro\/index.php\/wp-json\/wp\/v2\/types\/post"}],"replies":[{"embeddable":true,"href":"https:\/\/247stiri.ro\/index.php\/wp-json\/wp\/v2\/comments?post=46033"}],"version-history":[{"count":0,"href":"https:\/\/247stiri.ro\/index.php\/wp-json\/wp\/v2\/posts\/46033\/revisions"}],"wp:featuredmedia":[{"embeddable":true,"href":"https:\/\/247stiri.ro\/index.php\/wp-json\/wp\/v2\/media\/46025"}],"wp:attachment":[{"href":"https:\/\/247stiri.ro\/index.php\/wp-json\/wp\/v2\/media?parent=46033"}],"wp:term":[{"taxonomy":"category","embeddable":true,"href":"https:\/\/247stiri.ro\/index.php\/wp-json\/wp\/v2\/categories?post=46033"},{"taxonomy":"post_tag","embeddable":true,"href":"https:\/\/247stiri.ro\/index.php\/wp-json\/wp\/v2\/tags?post=46033"}],"curies":[{"name":"wp","href":"https:\/\/api.w.org\/{rel}","templated":true}]}}