{"id":46045,"date":"2025-04-09T06:44:53","date_gmt":"2025-04-09T06:44:53","guid":{"rendered":"https:\/\/247stiri.ro\/index.php\/2025\/04\/09\/alegeri-prezidentiale-bolojan-cheama-candidatii-la-dezbateri-la-cotroceni-in-aceasta-sala-este-locul-de-munca-al-viitorului-lider\/"},"modified":"2025-04-09T06:44:53","modified_gmt":"2025-04-09T06:44:53","slug":"alegeri-prezidentiale-bolojan-cheama-candidatii-la-dezbateri-la-cotroceni-in-aceasta-sala-este-locul-de-munca-al-viitorului-lider","status":"publish","type":"post","link":"https:\/\/247stiri.ro\/index.php\/2025\/04\/09\/alegeri-prezidentiale-bolojan-cheama-candidatii-la-dezbateri-la-cotroceni-in-aceasta-sala-este-locul-de-munca-al-viitorului-lider\/","title":{"rendered":"Alegeri preziden\u021biale. Bolojan cheam\u0103 candida\u021bii la dezbateri la Cotroceni: \u00cen aceast\u0103 sal\u0103 este locul de munc\u0103 al viitorului lider"},"content":{"rendered":"<p>&#8222;E o ofert\u0103 pe care Administra\u021bia Preziden\u021bial\u0103 o face celor care candideaz\u0103. Nu v\u0103d de ce \u00een aceast\u0103 sal\u0103, unde e locul de munc\u0103 al viitorului pre\u0219edinte, at\u00e2t \u00een turul \u00eent\u00e2i, c\u00e2t \u0219i \u00een turul doi &#8211; nu se pot organiza ni\u0219te dezbateri foarte corecte \u0219i foarte cinstite, pe care grupurile media s\u0103 le organizeze \u0219i care s\u0103 fie transmise \u00een mod direct, \u00een toate mijlocele de comunicare.<\/p>\n<p>\u0218i cred c\u0103 ar fi o formul\u0103 bun\u0103 ca \u00een afar\u0103 de hologramele pe care le vedem uneori \u00een zona de online, s\u0103 vedem candida\u021bi, s\u0103 vedem dezbateri, s\u0103 vedem programe, s\u0103 vedem idei \u0219i atunci rom\u00e2nii \u00ee\u0219i fac o imagine corect\u0103 \u0219i pot da \u00eentr-adev\u0103r un vot a\u0219a cum consider\u0103 de cuviin\u021b\u0103&#8221;, a declarat Bolojan.\u00a0<\/p>","protected":false},"excerpt":{"rendered":"<p>&#8222;E o ofert\u0103 pe care Administra\u021bia Preziden\u021bial\u0103 o face celor care candideaz\u0103. Nu v\u0103d de&hellip;<\/p>\n","protected":false},"author":0,"featured_media":46046,"comment_status":"open","ping_status":"open","sticky":false,"template":"","format":"standard","meta":{"footnotes":""},"categories":[3],"tags":[],"class_list":["post-46045","post","type-post","status-publish","format-standard","has-post-thumbnail","hentry","category-politica"],"_links":{"self":[{"href":"https:\/\/247stiri.ro\/index.php\/wp-json\/wp\/v2\/posts\/46045","targetHints":{"allow":["GET"]}}],"collection":[{"href":"https:\/\/247stiri.ro\/index.php\/wp-json\/wp\/v2\/posts"}],"about":[{"href":"https:\/\/247stiri.ro\/index.php\/wp-json\/wp\/v2\/types\/post"}],"replies":[{"embeddable":true,"href":"https:\/\/247stiri.ro\/index.php\/wp-json\/wp\/v2\/comments?post=46045"}],"version-history":[{"count":0,"href":"https:\/\/247stiri.ro\/index.php\/wp-json\/wp\/v2\/posts\/46045\/revisions"}],"wp:featuredmedia":[{"embeddable":true,"href":"https:\/\/247stiri.ro\/index.php\/wp-json\/wp\/v2\/media\/46046"}],"wp:attachment":[{"href":"https:\/\/247stiri.ro\/index.php\/wp-json\/wp\/v2\/media?parent=46045"}],"wp:term":[{"taxonomy":"category","embeddable":true,"href":"https:\/\/247stiri.ro\/index.php\/wp-json\/wp\/v2\/categories?post=46045"},{"taxonomy":"post_tag","embeddable":true,"href":"https:\/\/247stiri.ro\/index.php\/wp-json\/wp\/v2\/tags?post=46045"}],"curies":[{"name":"wp","href":"https:\/\/api.w.org\/{rel}","templated":true}]}}