{"id":46052,"date":"2025-04-09T06:44:56","date_gmt":"2025-04-09T06:44:56","guid":{"rendered":"https:\/\/247stiri.ro\/index.php\/2025\/04\/09\/haos-in-sistemul-de-pensii-mica-recalculare-departe-de-final-cand-ajung-deciziile-la-oameni-avertismentul-specialistilor\/"},"modified":"2025-04-09T06:44:56","modified_gmt":"2025-04-09T06:44:56","slug":"haos-in-sistemul-de-pensii-mica-recalculare-departe-de-final-cand-ajung-deciziile-la-oameni-avertismentul-specialistilor","status":"publish","type":"post","link":"https:\/\/247stiri.ro\/index.php\/2025\/04\/09\/haos-in-sistemul-de-pensii-mica-recalculare-departe-de-final-cand-ajung-deciziile-la-oameni-avertismentul-specialistilor\/","title":{"rendered":"Haos \u00een sistemul de pensii! Mica recalculare, departe de final: c\u00e2nd ajung deciziile la oameni. Avertismentul speciali\u0219tilor"},"content":{"rendered":"<p>Mica recalculare este \u00een continuare \u00een plin\u0103 desf\u0103\u0219urare la nivel na\u021bional. La casele de pensii sunt \u00een continuare recalculate aceste dosare \u0219i ad\u0103ugate aceste venituri nepermanente.<\/p>\n<p>Un milion de rom\u00e2ni beneficiaz\u0103 de aceast\u0103 etap\u0103 \u0219i se iau \u00een calcul acele ore suplimentare, acordul global, al 13-lea salariu, dar \u0219i alte venituri care au avut un caracter nepermanent \u00een perioada activit\u0103\u021bii.<\/p>\n<p>Ar fi trebuit finalizat\u0103 aceast\u0103 etap\u0103 \u00eenc\u0103 de luna trecut\u0103. Luna martie a fost termenul anun\u021bat inclusiv de \u0219eful Casei Na\u021bionale de Pensii, fapt ce nu s-a \u00eent\u00e2mplat.\u00a0<\/p>\n<p>P\u00e2n\u0103 acum, din informa\u021biile Realitatea PLUS, nu au fost emise deciziile pentru mica recalculare, ceea ce \u00eenseamn\u0103 c\u0103 acestea ar putea ajunge cu \u00eent\u00e2rziere la seniori.\u00a0<\/p>\n<p>Pe de alt\u0103 parte, sunt simul\u0103ri f\u0103cute de speciali\u0219ti care arat\u0103 c\u00e2t ar putea \u00eencasa rom\u00e2nii dup\u0103 finalizarea acestei etape. Cel mai mult ar putea primi cei care au avut acord global permanent, \u0219i aici vorbim de sume cuprinse \u00eentre 300 \u0219i 400 de lei.\u00a0<\/p>\n<p>Mul\u021bi dintre rom\u00e2ni nu vor c\u00e2\u0219tiga \u00eens\u0103 foarte mult, iar dac\u0103 ne referim la cei acre au pl\u0103tit pentru a-\u0219i recupera aceste adeverin\u021be la comapniile private de arhivare, speciali\u0219tii spun c\u0103 nu vor recupera aceast\u0103 investi\u021bie.\u00a0<\/p>\n<p>\u00a0<\/p>\n<p>\u00a0<\/p>","protected":false},"excerpt":{"rendered":"<p>Mica recalculare este \u00een continuare \u00een plin\u0103 desf\u0103\u0219urare la nivel na\u021bional. La casele de pensii&hellip;<\/p>\n","protected":false},"author":0,"featured_media":46053,"comment_status":"open","ping_status":"open","sticky":false,"template":"","format":"standard","meta":{"footnotes":""},"categories":[2],"tags":[],"class_list":["post-46052","post","type-post","status-publish","format-standard","has-post-thumbnail","hentry","category-actual"],"_links":{"self":[{"href":"https:\/\/247stiri.ro\/index.php\/wp-json\/wp\/v2\/posts\/46052","targetHints":{"allow":["GET"]}}],"collection":[{"href":"https:\/\/247stiri.ro\/index.php\/wp-json\/wp\/v2\/posts"}],"about":[{"href":"https:\/\/247stiri.ro\/index.php\/wp-json\/wp\/v2\/types\/post"}],"replies":[{"embeddable":true,"href":"https:\/\/247stiri.ro\/index.php\/wp-json\/wp\/v2\/comments?post=46052"}],"version-history":[{"count":0,"href":"https:\/\/247stiri.ro\/index.php\/wp-json\/wp\/v2\/posts\/46052\/revisions"}],"wp:featuredmedia":[{"embeddable":true,"href":"https:\/\/247stiri.ro\/index.php\/wp-json\/wp\/v2\/media\/46053"}],"wp:attachment":[{"href":"https:\/\/247stiri.ro\/index.php\/wp-json\/wp\/v2\/media?parent=46052"}],"wp:term":[{"taxonomy":"category","embeddable":true,"href":"https:\/\/247stiri.ro\/index.php\/wp-json\/wp\/v2\/categories?post=46052"},{"taxonomy":"post_tag","embeddable":true,"href":"https:\/\/247stiri.ro\/index.php\/wp-json\/wp\/v2\/tags?post=46052"}],"curies":[{"name":"wp","href":"https:\/\/api.w.org\/{rel}","templated":true}]}}