{"id":46055,"date":"2025-04-09T06:44:57","date_gmt":"2025-04-09T06:44:57","guid":{"rendered":"https:\/\/247stiri.ro\/index.php\/2025\/04\/09\/gest-halucinant-al-suveranistului-vopsit-victor-ponta-vrea-din-rasputeri-sa-fie-calin-georgescu-si-a-schimbat-culoarea-parului\/"},"modified":"2025-04-09T06:44:57","modified_gmt":"2025-04-09T06:44:57","slug":"gest-halucinant-al-suveranistului-vopsit-victor-ponta-vrea-din-rasputeri-sa-fie-calin-georgescu-si-a-schimbat-culoarea-parului","status":"publish","type":"post","link":"https:\/\/247stiri.ro\/index.php\/2025\/04\/09\/gest-halucinant-al-suveranistului-vopsit-victor-ponta-vrea-din-rasputeri-sa-fie-calin-georgescu-si-a-schimbat-culoarea-parului\/","title":{"rendered":"Gest halucinant al suveranistului vopsit. Victor Ponta vrea din r\u0103sputeri s\u0103 fie C\u0103lin Georgescu &#8211; \u0219i-a schimbat culoarea p\u0103rului"},"content":{"rendered":"<p>Mircea Badea crede \u00eens\u0103 c\u0103 gestul fostului premier a mers at\u00e2t de departe \u00eenc\u00e2t i-a imitat \u00een mod inten\u021bionat frizura lui C\u0103lin Georgescu.\u00a0<\/p>\n<p>\u201eEu am fost atent la freza domnului Ponta. Mi s-a p\u0103rut de departe cel mai important lucru. D\u00e2nsul nu s-a mai vopsit pe p\u0103r, are p\u0103rul \u00eenc\u0103run\u021bit \u0219i are genul de frez\u0103, cam 1 la 1, cu domnul Georgescu. A\u021bi observat asta? Acel Georgescu! Nu e o \u00eent\u00e2mplare. E o treab\u0103 inten\u021bionat\u0103, premeditat\u0103. Nu am niciun fel de \u00eendoial\u0103 c\u0103 e inten\u021bionat \u0219i s-a g\u00e2ndit. Ia stai pu\u021bin c\u0103 poate par prea copila\u0219, ia s\u0103 par mai domn. Dac\u0103 \u00eel cau\u021bi \u0219i pe domnul Georgescu s\u0103 vezi c\u0103 e unul la unul. (&#8230;)\u0218i-a f\u0103cut \u0219i un pic de c\u0103rare. (&#8230;)Dac\u0103 ar cre\u0219te toate ca p\u0103rul&#8230;la procente m\u0103 refer\u201d, a spus Mircea Badea.\u00a0<\/p>\n<p>Victor Ponta s-a declarat \u00een ultimele luni\u00a0suveranist\u00a0\u0219i simpatizant al lui Donald Trump, dup\u0103 ce, \u00een trecut, a fost simpatizat al lui Joe Biden.<\/p>\n<p>Ponta se lupt\u0103 pe publicul suveranist cu George Simion, care este candidatul sus\u021binut de C\u0103lin Georgescu.<\/p>\n<p>\u00a0<\/p>","protected":false},"excerpt":{"rendered":"<p>Mircea Badea crede \u00eens\u0103 c\u0103 gestul fostului premier a mers at\u00e2t de departe \u00eenc\u00e2t i-a&hellip;<\/p>\n","protected":false},"author":0,"featured_media":46048,"comment_status":"open","ping_status":"open","sticky":false,"template":"","format":"standard","meta":{"footnotes":""},"categories":[2],"tags":[],"class_list":["post-46055","post","type-post","status-publish","format-standard","has-post-thumbnail","hentry","category-actual"],"_links":{"self":[{"href":"https:\/\/247stiri.ro\/index.php\/wp-json\/wp\/v2\/posts\/46055","targetHints":{"allow":["GET"]}}],"collection":[{"href":"https:\/\/247stiri.ro\/index.php\/wp-json\/wp\/v2\/posts"}],"about":[{"href":"https:\/\/247stiri.ro\/index.php\/wp-json\/wp\/v2\/types\/post"}],"replies":[{"embeddable":true,"href":"https:\/\/247stiri.ro\/index.php\/wp-json\/wp\/v2\/comments?post=46055"}],"version-history":[{"count":0,"href":"https:\/\/247stiri.ro\/index.php\/wp-json\/wp\/v2\/posts\/46055\/revisions"}],"wp:featuredmedia":[{"embeddable":true,"href":"https:\/\/247stiri.ro\/index.php\/wp-json\/wp\/v2\/media\/46048"}],"wp:attachment":[{"href":"https:\/\/247stiri.ro\/index.php\/wp-json\/wp\/v2\/media?parent=46055"}],"wp:term":[{"taxonomy":"category","embeddable":true,"href":"https:\/\/247stiri.ro\/index.php\/wp-json\/wp\/v2\/categories?post=46055"},{"taxonomy":"post_tag","embeddable":true,"href":"https:\/\/247stiri.ro\/index.php\/wp-json\/wp\/v2\/tags?post=46055"}],"curies":[{"name":"wp","href":"https:\/\/api.w.org\/{rel}","templated":true}]}}