{"id":46058,"date":"2025-04-09T06:44:59","date_gmt":"2025-04-09T06:44:59","guid":{"rendered":"https:\/\/247stiri.ro\/index.php\/2025\/04\/09\/cozmin-gusa-la-finalul-celor-doua-mandate-in-fruntea-federatiei-romane-de-judo-as-fi-vrut-sa-prezint-un-bilant-mai-bun-numai-ca-nu-s-a-putut-cauzele-au-fost-multiple\/"},"modified":"2025-04-09T06:44:59","modified_gmt":"2025-04-09T06:44:59","slug":"cozmin-gusa-la-finalul-celor-doua-mandate-in-fruntea-federatiei-romane-de-judo-as-fi-vrut-sa-prezint-un-bilant-mai-bun-numai-ca-nu-s-a-putut-cauzele-au-fost-multiple","status":"publish","type":"post","link":"https:\/\/247stiri.ro\/index.php\/2025\/04\/09\/cozmin-gusa-la-finalul-celor-doua-mandate-in-fruntea-federatiei-romane-de-judo-as-fi-vrut-sa-prezint-un-bilant-mai-bun-numai-ca-nu-s-a-putut-cauzele-au-fost-multiple\/","title":{"rendered":"Cozmin Gu\u0219\u0103, la finalul celor dou\u0103 mandate \u00een fruntea Federa\u021biei Rom\u00e2ne de Judo: \u201dA\u0219 fi vrut s\u0103 prezint un bilan\u021b mai bun, numai c\u0103 nu s-a putut, cauzele au fost multiple\u201d"},"content":{"rendered":"<p>Gu\u0219\u0103, care a anun\u021bat \u00eenc\u0103 de anul trecut c\u0103 nu mai inten\u021bioneaz\u0103 s\u0103 candideze la \u0219efia federa\u021biei, s-a ar\u0103tat mul\u021bumit de felul \u00een care FRJ este organizat\u0103 acum \u0219i de rezultatele ob\u021binute la nivel de juniori.El afirm\u0103 c\u0103 performan\u021bele cade\u021bilor \u0219i juniorilor din ultima perioad\u0103 pe plan european \u0219i mondial \u00eendrept\u0103\u021be\u0219te judoul rom\u00e2nesc s\u0103 spere la o medalie la Jocurile Olimpice de la Los Angeles.Printre problemele cu care se confrunt\u0103 aceast\u0103 disciplin\u0103 la ora actual\u0103, Gu\u0219\u0103 a men\u021bionat \u0219i absen\u021ba unor antrenori redutabili, anun\u021b\u00e2nd totodat\u0103 un parteneriat cu tehnicianul francez Darcel Yandzi, care ar urma s\u0103 coordoneze loturile na\u021bionale.\u00centrebat ce \u00ee\u0219i repro\u0219eaz\u0103, Gu\u0219\u0103 a r\u0103spuns: \u201eAsta a fost perioada prin care a trecut judo, o foarte bun\u0103 genera\u021bie a plecat \u00een antrenorat, vezi exemplul Andreei Chi\u021bu, care e \u0219i vicepre\u0219edinte la federa\u021bie, oameni din genera\u021bia ei, Monica Ungureanu, Loredana Oh\u00e2i, \u0219i trebuie s\u0103 avem r\u0103bdare. Asta e o federa\u021bie pe care se poate construi de acum \u00eenainte performan\u021b\u0103. Ce-am reu\u0219it bine \u00een ace\u0219ti 8 ani de zile a fost s\u0103 reapar\u0103 performan\u021ba european\u0103 \u0219i mondial\u0103 la nivelul cade\u021bilor \u0219i la nivelul juniorilor, ceea ce \u00eenseamn\u0103 c\u0103 genera\u021bia de ast\u0103zi care merge c\u0103tre Los Angeles o s\u0103 aib\u0103 rezultate corespunz\u0103toare. Nu pot s\u0103 repro\u0219ez mie \u0219i echipei mele nimic la categoriile mai mici de v\u00e2rst\u0103. Repet, cade\u021bi, juniori \u0219i chiar tineret am reu\u0219it performan\u021be importante, dar nu la seniori.\u201d<\/p>\n<p>Reporter: \u201eCrede\u021bi \u00eens\u0103 c\u0103 se putea ob\u021bine mai mult?\u201d\u00a0 \u00a0 \u00a0 \u00a0 \u00a0 \u00a0 \u00a0 \u00a0 \u00a0 \u00a0 \u00a0 \u00a0 \u00a0 \u00a0 \u00a0 \u00a0 \u00a0 \u00a0 \u00a0 \u00a0 \u00a0 \u00a0 \u00a0 \u00a0 \u00a0 \u00a0 \u00a0 \u00a0 \u00a0 \u00a0 \u00a0 \u00a0 \u00a0 \u00a0 \u00a0 \u00a0 \u00a0 \u00a0 \u00a0 \u00a0 \u00a0 \u00a0 \u00a0 \u00a0 \u00a0 \u00a0 \u00a0 \u00a0 \u00a0 Cozmin Gu\u0219\u0103: \u201eDa. Am fost la limit\u0103 chiar \u0219i din punctul \u0103sta de vedere s\u0103 ob\u021binem chiar medalie olimpic\u0103, nu mai vorbesc la campionatele mondiale. Nivelul de performan\u021b\u0103 a crescut foarte tare \u0219i o mic\u0103 gre\u0219eal\u0103, \u00een loc s\u0103 \u00ee\u021bi aduc\u0103 medalia, te las\u0103 pe locul 5, pe locul 7, ceea ce sigur este de palmares, dar nemaifiind medalie, e mai pu\u021bin cuantificabil. Exist\u0103 poten\u021bial \u00een judo rom\u00e2nesc, exist\u0103 poten\u021bial \u00een Rom\u00e2nia s\u0103 fie alimentat \u0219i judoul, s\u0103 cre\u0219tem baza de selec\u021bie. Este un sport care a devenit tradi\u021bional, se potrive\u0219te rom\u00e2nilor. Dar aici intr\u0103m \u00eentr-un nou cerc vicios. Ca s\u0103 cre\u0219ti baza de selec\u021bie, \u00ee\u021bi trebuie parteneriate cu comunit\u0103\u021bile locale. Eu am semnat un parteneriat cu toate comunele din Rom\u00e2nia, dar sunt foarte trist s\u0103 anun\u021b c\u0103, de\u0219i a fost dorin\u021b\u0103 cu Asocia\u021bia Comunelor din Rom\u00e2nia, \u00een final nu s-au materializat dec\u00e2t 3-4 centre, ceea ce e foarte pu\u021bin. Noi ca s\u0103 putem s\u0103 sper\u0103m la performan\u021be constante \u0219i la nivel \u00eenalt, trebuie s\u0103 cre\u0219tem baza de selec\u021bie de la \u0103\u0219tia peste 5.000 de judoka pe care \u00eei avem \u00eenregistra\u021bi, undeva la peste 12-15.000. Asta e de fapt, ceea ce las ca mo\u0219tenire de proiect celui care o s\u0103 m\u0103 urmeze.\u201d<\/p>\n<p>Joi, la R\u00e2mnicu V\u00e2lcea, vor avea loc alegerile pentru func\u021bia de pre\u0219edinte al Federa\u021biei Rom\u00e2ne de Judo. Dup\u0103 cele dou\u0103 mandate \u00een fruntea federa\u021biei, Gu\u0219\u0103 a decis s\u0103 nu mai candideze \u0219i s\u0103 \u00eel sus\u021bin\u0103 pe actualul vicepre\u0219edinte, Florin Bercean. Contracandidatul acestuia este George Te\u0219eleanu, apropiat al lui Marius Vizer, om cu care Gu\u0219\u0103 a avut diferen\u021be de opinie de-a lungul celor dou\u0103 mandate la \u0219efia federa\u021biei.<\/p>","protected":false},"excerpt":{"rendered":"<p>Gu\u0219\u0103, care a anun\u021bat \u00eenc\u0103 de anul trecut c\u0103 nu mai inten\u021bioneaz\u0103 s\u0103 candideze la&hellip;<\/p>\n","protected":false},"author":0,"featured_media":46029,"comment_status":"open","ping_status":"open","sticky":false,"template":"","format":"standard","meta":{"footnotes":""},"categories":[2],"tags":[],"class_list":["post-46058","post","type-post","status-publish","format-standard","has-post-thumbnail","hentry","category-actual"],"_links":{"self":[{"href":"https:\/\/247stiri.ro\/index.php\/wp-json\/wp\/v2\/posts\/46058","targetHints":{"allow":["GET"]}}],"collection":[{"href":"https:\/\/247stiri.ro\/index.php\/wp-json\/wp\/v2\/posts"}],"about":[{"href":"https:\/\/247stiri.ro\/index.php\/wp-json\/wp\/v2\/types\/post"}],"replies":[{"embeddable":true,"href":"https:\/\/247stiri.ro\/index.php\/wp-json\/wp\/v2\/comments?post=46058"}],"version-history":[{"count":0,"href":"https:\/\/247stiri.ro\/index.php\/wp-json\/wp\/v2\/posts\/46058\/revisions"}],"wp:featuredmedia":[{"embeddable":true,"href":"https:\/\/247stiri.ro\/index.php\/wp-json\/wp\/v2\/media\/46029"}],"wp:attachment":[{"href":"https:\/\/247stiri.ro\/index.php\/wp-json\/wp\/v2\/media?parent=46058"}],"wp:term":[{"taxonomy":"category","embeddable":true,"href":"https:\/\/247stiri.ro\/index.php\/wp-json\/wp\/v2\/categories?post=46058"},{"taxonomy":"post_tag","embeddable":true,"href":"https:\/\/247stiri.ro\/index.php\/wp-json\/wp\/v2\/tags?post=46058"}],"curies":[{"name":"wp","href":"https:\/\/api.w.org\/{rel}","templated":true}]}}