{"id":46068,"date":"2025-04-09T07:45:39","date_gmt":"2025-04-09T07:45:39","guid":{"rendered":"https:\/\/247stiri.ro\/index.php\/2025\/04\/09\/bogdan-peschir-din-nou-in-fata-instantei-influencerul-afla-astazi-daca-scapa-de-arestul-preventiv\/"},"modified":"2025-04-09T07:45:39","modified_gmt":"2025-04-09T07:45:39","slug":"bogdan-peschir-din-nou-in-fata-instantei-influencerul-afla-astazi-daca-scapa-de-arestul-preventiv","status":"publish","type":"post","link":"https:\/\/247stiri.ro\/index.php\/2025\/04\/09\/bogdan-peschir-din-nou-in-fata-instantei-influencerul-afla-astazi-daca-scapa-de-arestul-preventiv\/","title":{"rendered":"Bogdan Pe\u0219chir, din nou \u00een fa\u021ba instan\u021bei. Influencerul afl\u0103 ast\u0103zi dac\u0103 scap\u0103 de arestul preventiv"},"content":{"rendered":"<p>Influencerul Bogdan Pe\u0219chir urmeaz\u0103 s\u0103 ajung\u0103 \u00een fa\u021ba magistra\u021bilor de la Curtea de Apel Bucure\u0219ti. El este adus din Arestul Central \u0219i va intra \u00eenc\u0103tu\u0219at direct \u00een sala de judecat\u0103.<\/p>\n<p>Pe\u0219chir a\u0219teapt\u0103 s\u0103 vad\u0103 dac\u0103 judec\u0103torii vor accepta cererea depus\u0103 de avoca\u021bii lui pentru ca m\u0103sura arestului preventiv s\u0103 fie \u00eenlocuit\u0103 cu o m\u0103sur\u0103 mai bl\u00e2nd\u0103 precum cea a controlului judiciar sau a arestului la domiciliu.\u00a0<\/p>\n<p>Reamintim c\u0103 \u00een dosarul s\u0103u au avut loc noi audieri la \u00eenceputul acestei s\u0103pt\u0103m\u00e2ni. De asemenea, spuneau avoca\u021bii c\u0103 dispozitivele lui electronice au fost reevaluate \u00een cadrul aceluia\u0219i dosar penal. Acele dispozitive au fost perchezi\u021bionate \u0219i la \u00eenceputul anului.\u00a0<\/p>\n<p>Bogdan Pe\u0219chir este acuzat de influen\u021barea aleg\u0103torilor \u00een acest dosar penal. Procurorii spun c\u0103 ar fi dat aproape un milion de euro \u00een platforma de socializare TikTok pentru ca mai multe persoane s\u0103-l sus\u021bin\u0103 pe fostul candidat la preziden\u021biale, C\u0103lin Georgescu.<\/p>","protected":false},"excerpt":{"rendered":"<p>Influencerul Bogdan Pe\u0219chir urmeaz\u0103 s\u0103 ajung\u0103 \u00een fa\u021ba magistra\u021bilor de la Curtea de Apel Bucure\u0219ti.&hellip;<\/p>\n","protected":false},"author":0,"featured_media":46069,"comment_status":"open","ping_status":"open","sticky":false,"template":"","format":"standard","meta":{"footnotes":""},"categories":[2],"tags":[],"class_list":["post-46068","post","type-post","status-publish","format-standard","has-post-thumbnail","hentry","category-actual"],"_links":{"self":[{"href":"https:\/\/247stiri.ro\/index.php\/wp-json\/wp\/v2\/posts\/46068","targetHints":{"allow":["GET"]}}],"collection":[{"href":"https:\/\/247stiri.ro\/index.php\/wp-json\/wp\/v2\/posts"}],"about":[{"href":"https:\/\/247stiri.ro\/index.php\/wp-json\/wp\/v2\/types\/post"}],"replies":[{"embeddable":true,"href":"https:\/\/247stiri.ro\/index.php\/wp-json\/wp\/v2\/comments?post=46068"}],"version-history":[{"count":0,"href":"https:\/\/247stiri.ro\/index.php\/wp-json\/wp\/v2\/posts\/46068\/revisions"}],"wp:featuredmedia":[{"embeddable":true,"href":"https:\/\/247stiri.ro\/index.php\/wp-json\/wp\/v2\/media\/46069"}],"wp:attachment":[{"href":"https:\/\/247stiri.ro\/index.php\/wp-json\/wp\/v2\/media?parent=46068"}],"wp:term":[{"taxonomy":"category","embeddable":true,"href":"https:\/\/247stiri.ro\/index.php\/wp-json\/wp\/v2\/categories?post=46068"},{"taxonomy":"post_tag","embeddable":true,"href":"https:\/\/247stiri.ro\/index.php\/wp-json\/wp\/v2\/tags?post=46068"}],"curies":[{"name":"wp","href":"https:\/\/api.w.org\/{rel}","templated":true}]}}