{"id":46071,"date":"2025-04-09T07:45:41","date_gmt":"2025-04-09T07:45:41","guid":{"rendered":"https:\/\/247stiri.ro\/index.php\/2025\/04\/09\/ciolacu-atac-la-nicusor-dan-ne-am-luptat-cu-nepasarea-unor-conducatori-ai-capitalei-metroul-spre-aeroportul-otopeni-este-este-un-simbol-al-progresului-al-ambitiei-si-al-angajamentului-nos\/"},"modified":"2025-04-09T07:45:41","modified_gmt":"2025-04-09T07:45:41","slug":"ciolacu-atac-la-nicusor-dan-ne-am-luptat-cu-nepasarea-unor-conducatori-ai-capitalei-metroul-spre-aeroportul-otopeni-este-este-un-simbol-al-progresului-al-ambitiei-si-al-angajamentului-nos","status":"publish","type":"post","link":"https:\/\/247stiri.ro\/index.php\/2025\/04\/09\/ciolacu-atac-la-nicusor-dan-ne-am-luptat-cu-nepasarea-unor-conducatori-ai-capitalei-metroul-spre-aeroportul-otopeni-este-este-un-simbol-al-progresului-al-ambitiei-si-al-angajamentului-nos\/","title":{"rendered":"Ciolacu, atac la Nicu\u0219or Dan: \u201eNe-am luptat cu nep\u0103sarea unor conduc\u0103tori ai Capitalei. Metroul spre Aeroportul Otopeni este este un simbol al progresului, al ambi\u0163iei \u015fi al angajamentului nostru fa\u0163\u0103 de viitor\u201d"},"content":{"rendered":"<p>\u201dA fora tuneluri pentru autostr\u0103zi \u015fi galerii de metrou reprezint\u0103, ast\u0103zi, una dintre cele mai impresionante \u015fi mai conving\u0103toare imagini pentru a demonstra determinarea noastr\u0103 de a construi o infrastructur\u0103 de transport de nivel european. Aceste ma\u015fini enorme de foraj, \u201ec\u00e2rti\u0163e\u201f, cum li se spune pe \u015fantier, au devenit extrem de populare pentru rom\u00e2ni. Acum am aflat \u015fi cum le-a\u0163i botezat \u015fi Sf\u00e2nta Maria \u015fi Sf\u00e2nta Ana sunt ferm convins c\u0103 vor fi scoase de sub orice pericol tehnic, \u00een perioada urm\u0103toare\u201d, a ar\u0103tat premierul la ceremonia de lansare a forajului opera\u0163ional pe Sec\u0163iunea Sud (1 Mai-Tokyo) a Magistralei de Metrou M6, care va lega Gara de Nord de Aeroportul Henri Coand\u0103.<\/p>\n<p>Marcel Ciolacu a precizat c\u0103 \u201dconstruc\u0163ia metroului spre Aeroportul Otopeni este mai mult dec\u00e2t un proiect de infrastructur\u0103, este un simbol al progresului, al ambi\u0163iei \u015fi al angajamentului nostru fa\u0163\u0103 de viitor\u201d.<\/p>\n<p>\u201dOrice capital\u0103 european\u0103 modern\u0103 ar trebui s\u0103 aib\u0103 o leg\u0103tur\u0103 direct\u0103 cu principalul s\u0103u aeroport realizat\u0103 cu ajutorul metroului, iar Bucure\u015ftiul merit\u0103 s\u0103 fie un exemplu de modernitate, un ora\u015f f\u0103r\u0103 traficul sufocant din ultimii ani, o capital\u0103 \u00een care mobilitatea devine un drept accesibil tuturor\u201d, a subliniat \u015feful Executivului. Ciolacu a mai spus c\u0103 drumul ca s\u0103 ajung\u0103 s\u0103 demareze aceste lucr\u0103ri nu a fost u\u015for.<\/p>\n<p>\u201dAm negociat cu partenerii europeni, am dep\u0103\u015fit obstacole birocratice \u015fi ne-am luptat cu ne\u00eencrederea sau chiar cu nep\u0103sarea unor conduc\u0103tori ai Capitalei. Am demonstrat c\u0103 Rom\u00e2nia poate s\u0103 \u00ee\u015fi asume proiecte de anvergur\u0103. Ast\u0103zi, suntem aici datorit\u0103 muncii \u015fi dedic\u0103rii echipelor de speciali\u015fti, constructori \u015fi autorit\u0103\u0163i care au crezut \u00een ceea ce mult\u0103 vreme a p\u0103rut doar un vis. Dar s\u0103 fim sinceri, nu va fi totul perfect. Va exista \u00een continuare un disconfort temporar \u00een trafic, iar r\u0103bdarea noastr\u0103 va fi pus\u0103 la \u00eencercare. \u00cens\u0103, nu trebuie s\u0103 uit\u0103m c\u0103 fiecare metru de tunel s\u0103pat este un pas \u00eenainte spre o Rom\u00e2nie mai modern\u0103, mai conectat\u0103 \u015fi mai prosper\u0103\u201d, a ar\u0103tat Marcel Ciolacu.<\/p>\n<p>\u201dBucuria din ochii c\u0103l\u0103torilor era at\u00e2t de mare, \u00eenc\u00e2t toate eforturile \u015fi greut\u0103\u0163ile din trecut nu mai contau. La asta trebuie s\u0103 ne g\u00e2ndim de acum \u00eenainte, la faptul c\u0103 fiecare dintre cei implica\u0163i aici sunt parte dintr-un proiect care schimb\u0103 \u00een bine via\u0163a a milioane de oameni. De aceea, le mul\u0163umesc tuturor celor ce lucreaz\u0103 la aceast\u0103 magistral\u0103 de metrou care face din capitala Rom\u00e2niei un ora\u015f cu adev\u0103rat modern \u015fi european\u201d, a mai spus Ciolacu.<\/p>","protected":false},"excerpt":{"rendered":"<p>\u201dA fora tuneluri pentru autostr\u0103zi \u015fi galerii de metrou reprezint\u0103, ast\u0103zi, una dintre cele mai&hellip;<\/p>\n","protected":false},"author":0,"featured_media":46066,"comment_status":"open","ping_status":"open","sticky":false,"template":"","format":"standard","meta":{"footnotes":""},"categories":[2],"tags":[],"class_list":["post-46071","post","type-post","status-publish","format-standard","has-post-thumbnail","hentry","category-actual"],"_links":{"self":[{"href":"https:\/\/247stiri.ro\/index.php\/wp-json\/wp\/v2\/posts\/46071","targetHints":{"allow":["GET"]}}],"collection":[{"href":"https:\/\/247stiri.ro\/index.php\/wp-json\/wp\/v2\/posts"}],"about":[{"href":"https:\/\/247stiri.ro\/index.php\/wp-json\/wp\/v2\/types\/post"}],"replies":[{"embeddable":true,"href":"https:\/\/247stiri.ro\/index.php\/wp-json\/wp\/v2\/comments?post=46071"}],"version-history":[{"count":0,"href":"https:\/\/247stiri.ro\/index.php\/wp-json\/wp\/v2\/posts\/46071\/revisions"}],"wp:featuredmedia":[{"embeddable":true,"href":"https:\/\/247stiri.ro\/index.php\/wp-json\/wp\/v2\/media\/46066"}],"wp:attachment":[{"href":"https:\/\/247stiri.ro\/index.php\/wp-json\/wp\/v2\/media?parent=46071"}],"wp:term":[{"taxonomy":"category","embeddable":true,"href":"https:\/\/247stiri.ro\/index.php\/wp-json\/wp\/v2\/categories?post=46071"},{"taxonomy":"post_tag","embeddable":true,"href":"https:\/\/247stiri.ro\/index.php\/wp-json\/wp\/v2\/tags?post=46071"}],"curies":[{"name":"wp","href":"https:\/\/api.w.org\/{rel}","templated":true}]}}