{"id":46076,"date":"2025-04-09T07:45:43","date_gmt":"2025-04-09T07:45:43","guid":{"rendered":"https:\/\/247stiri.ro\/index.php\/2025\/04\/09\/bautura-care-reduce-riscul-de-a-dezvolta-dementa-ce-indica-studiile\/"},"modified":"2025-04-09T07:45:43","modified_gmt":"2025-04-09T07:45:43","slug":"bautura-care-reduce-riscul-de-a-dezvolta-dementa-ce-indica-studiile","status":"publish","type":"post","link":"https:\/\/247stiri.ro\/index.php\/2025\/04\/09\/bautura-care-reduce-riscul-de-a-dezvolta-dementa-ce-indica-studiile\/","title":{"rendered":"B\u0103utura care reduce riscul de a dezvolta demen\u021b\u0103. Ce indic\u0103 studiile"},"content":{"rendered":"<p>Riscul de a dezvolta demen\u021b\u0103 ar putea fi redus<\/p>\n<p>Oamenii de \u0219tiin\u021b\u0103 au descoperit un poten\u021bial aliat \u00een lupta \u00eempotriva demen\u021bei. Este vorba despre renumita cafea espresso, aceast\u0103 b\u0103utur\u0103 popular\u0103, consumat\u0103 \u00een \u00eentreaga lume, conform Mirror, scrie <a href=\"https:\/\/www.almanahonline.ro\/riscul-de-a-dezvolta-dementa-ar-putea-fi-redus-prin-consumul-unei-bauturi\/\" target=\"_blank\">Almanah Online<\/a>.<\/p>\n<p>Un nou studiu realizat de o echip\u0103 de oameni de \u0219tiin\u021b\u0103 de la Universitatea din Verona sugereaz\u0103 c\u0103 un consum de doar o cafea espresso pe zi ar putea avea un impact semnificativ asupra reducerii riscului de a dezvolta demen\u021b\u0103, \u00een special Alzheimer.<\/p>\n<p>Autorul principal al studiului, profesorul Mariapina D&#8221;Onofrio, \u0219i echipa sa au studiat efectele consumului de espresso asupra creierului.<\/p>\n<p>Cercet\u0103rile indic\u0103 faptul c\u0103 anumi\u021bi compu\u0219ii g\u0103si\u021bi \u00een espresso descompun \u00een mod activ unele proteine, prevenind astfel daunele pe care le provoac\u0103 neuronilor \u0219i ulterior declinul cognitiv.<\/p>\n<p>La persoanele s\u0103n\u0103toase, proteinele joac\u0103 un rol crucial \u00een stabilizarea structurilor creierului. Cu toate acestea, la cei afecta\u021bi de boli neurodegenerative, aceste proteine se pot aglomera \u00eempreun\u0103 \u00een &#8222;fibrile&#8221; d\u0103un\u0103toare care perturb\u0103 func\u021bia neuronal\u0103, duc\u00e2nd la tulbur\u0103ri cognitive caracteristice demen\u021bei.<\/p>\n<p>Experimentele de laborator efectuate ca parte a studiului au demonstrat c\u0103 espresso contracareaz\u0103 \u00een mod eficient formarea acestor fibrile.<\/p>\n<p>Un alt studiu cheie din Florida, care a fost raportat \u00een 2012, a urm\u0103rit persoanele cu insuficien\u021b\u0103 cognitiv\u0103 u\u0219oar\u0103 (probleme de g\u00e2ndire \u0219i memorie dincolo de \u00eemb\u0103tr\u00e2nirea normal\u0103). Acestora li s-a monitorizat nivelul de cofein\u0103 \u0219i capacitatea cognitiv\u0103 \u00een urm\u0103torii doi p\u00e2n\u0103 la patru ani.<\/p>\n<p>Cercet\u0103torii au descoperit c\u0103 persoanele care nu au dezvoltat demen\u021b\u0103 au avut de dou\u0103 ori mai mult\u0103 cofein\u0103 \u00een s\u00e2nge dec\u00e2t cei care au f\u0103cut-o.<\/p>\n<p>Cu toate acestea, potrivit Societ\u0103\u021bii de Alzheimer, adesea aceste studii nu pot fi relevante pentru un r\u0103spuns definitiv. Nu exist\u0103 nicio modalitate de a determina dac\u0103 nivelurile de cofein\u0103 au afectat demen\u021ba sau dac\u0103 este invers.<\/p>\n<p><a href=\"https:\/\/www.realitatea.net\/stiri\/actual\/radacina-care-trateaza-numeroase-afectiuni-este-considerata-o-buruiana-desi-este-un-adevarat-panaceu_67f4efd5d65d4817455e40c5\" target=\"_blank\">R\u0103d\u0103cina care trateaz\u0103 numeroase afec\u021biuni. Este considerat\u0103 o buruian\u0103, de\u0219i este un adev\u0103rat panaceu. Este cel mai bun remediu pentru detoxifierea ficatului<\/a><\/p>","protected":false},"excerpt":{"rendered":"<p>Riscul de a dezvolta demen\u021b\u0103 ar putea fi redus Oamenii de \u0219tiin\u021b\u0103 au descoperit un&hellip;<\/p>\n","protected":false},"author":0,"featured_media":46064,"comment_status":"open","ping_status":"open","sticky":false,"template":"","format":"standard","meta":{"footnotes":""},"categories":[2],"tags":[],"class_list":["post-46076","post","type-post","status-publish","format-standard","has-post-thumbnail","hentry","category-actual"],"_links":{"self":[{"href":"https:\/\/247stiri.ro\/index.php\/wp-json\/wp\/v2\/posts\/46076","targetHints":{"allow":["GET"]}}],"collection":[{"href":"https:\/\/247stiri.ro\/index.php\/wp-json\/wp\/v2\/posts"}],"about":[{"href":"https:\/\/247stiri.ro\/index.php\/wp-json\/wp\/v2\/types\/post"}],"replies":[{"embeddable":true,"href":"https:\/\/247stiri.ro\/index.php\/wp-json\/wp\/v2\/comments?post=46076"}],"version-history":[{"count":0,"href":"https:\/\/247stiri.ro\/index.php\/wp-json\/wp\/v2\/posts\/46076\/revisions"}],"wp:featuredmedia":[{"embeddable":true,"href":"https:\/\/247stiri.ro\/index.php\/wp-json\/wp\/v2\/media\/46064"}],"wp:attachment":[{"href":"https:\/\/247stiri.ro\/index.php\/wp-json\/wp\/v2\/media?parent=46076"}],"wp:term":[{"taxonomy":"category","embeddable":true,"href":"https:\/\/247stiri.ro\/index.php\/wp-json\/wp\/v2\/categories?post=46076"},{"taxonomy":"post_tag","embeddable":true,"href":"https:\/\/247stiri.ro\/index.php\/wp-json\/wp\/v2\/tags?post=46076"}],"curies":[{"name":"wp","href":"https:\/\/api.w.org\/{rel}","templated":true}]}}