{"id":46088,"date":"2025-04-09T08:44:51","date_gmt":"2025-04-09T08:44:51","guid":{"rendered":"https:\/\/247stiri.ro\/index.php\/2025\/04\/09\/barbatul-care-a-lovit-intentionat-cu-masina-un-adolescent-pe-trecerea-de-pietoni-retinut-de-politie-cum-s-a-produs-incidentul\/"},"modified":"2025-04-09T08:44:51","modified_gmt":"2025-04-09T08:44:51","slug":"barbatul-care-a-lovit-intentionat-cu-masina-un-adolescent-pe-trecerea-de-pietoni-retinut-de-politie-cum-s-a-produs-incidentul","status":"publish","type":"post","link":"https:\/\/247stiri.ro\/index.php\/2025\/04\/09\/barbatul-care-a-lovit-intentionat-cu-masina-un-adolescent-pe-trecerea-de-pietoni-retinut-de-politie-cum-s-a-produs-incidentul\/","title":{"rendered":"B\u0103rbatul care a lovit inten\u0163ionat cu ma\u015fina un adolescent pe trecerea de pietoni, re\u0163inut de poli\u021bie. Cum s-a produs incidentul"},"content":{"rendered":"<p>\u201d\u00cen urma probatoriului administrat \u00een cauz\u0103, fa\u0163\u0103 de b\u0103rbatul \u00een v\u00e2rst\u0103 de 57 de ani, s-a dispus re\u0163inerea acestuia pentru 24 de ore, urm\u00e2nd ca \u00een cursul zilei de ast\u0103zi, 9 aprilie 2025, s\u0103 fie prezentat magistra\u0163ilor cu propunere legal\u0103\u201d, a anun\u0163at miercuri, Poli\u0163ia Capitalei.<\/p>\n<p>Cercet\u0103rile sunt continuate de c\u0103tre Sec\u0163ia 11 Poli\u0163ie, sub supravegherea Parchetului de pe l\u00e2ng\u0103 Judec\u0103toria Sectorului 3, sub aspectul s\u0103v\u00e2r\u015firii infrac\u0163iunilor de lovire sau alte violen\u0163e \u015fi tulburarea ordinii \u015fi lini\u015ftii publice.<\/p>\n<p>Reamintim c\u0103 un t\u00e2n\u0103r de 17 ani a fost transportat la spital, mar\u0163i, dup\u0103 ce a fost accidentat de un autoturism, \u00eentr-o intersec\u0163ie din Sectorul 3 al Capitalei.\u00a0<\/p>\n<p>Adolescentul traversa regulamentar strada c\u00e2nd a avut un conflict spontan cu \u015foferul, din cauza unor ne\u00een\u0163elegeri privind acordarea de prioritate. B\u0103rbatul a fost dus la Poli\u0163ie pentru cercet\u0103ri, iar t\u00e2n\u0103rul la spital, cu r\u0103ni u\u0219oare.\u00a0<\/p>\n<p>\u00a0<\/p>","protected":false},"excerpt":{"rendered":"<p>\u201d\u00cen urma probatoriului administrat \u00een cauz\u0103, fa\u0163\u0103 de b\u0103rbatul \u00een v\u00e2rst\u0103 de 57 de ani,&hellip;<\/p>\n","protected":false},"author":0,"featured_media":46089,"comment_status":"open","ping_status":"open","sticky":false,"template":"","format":"standard","meta":{"footnotes":""},"categories":[2],"tags":[],"class_list":["post-46088","post","type-post","status-publish","format-standard","has-post-thumbnail","hentry","category-actual"],"_links":{"self":[{"href":"https:\/\/247stiri.ro\/index.php\/wp-json\/wp\/v2\/posts\/46088","targetHints":{"allow":["GET"]}}],"collection":[{"href":"https:\/\/247stiri.ro\/index.php\/wp-json\/wp\/v2\/posts"}],"about":[{"href":"https:\/\/247stiri.ro\/index.php\/wp-json\/wp\/v2\/types\/post"}],"replies":[{"embeddable":true,"href":"https:\/\/247stiri.ro\/index.php\/wp-json\/wp\/v2\/comments?post=46088"}],"version-history":[{"count":0,"href":"https:\/\/247stiri.ro\/index.php\/wp-json\/wp\/v2\/posts\/46088\/revisions"}],"wp:featuredmedia":[{"embeddable":true,"href":"https:\/\/247stiri.ro\/index.php\/wp-json\/wp\/v2\/media\/46089"}],"wp:attachment":[{"href":"https:\/\/247stiri.ro\/index.php\/wp-json\/wp\/v2\/media?parent=46088"}],"wp:term":[{"taxonomy":"category","embeddable":true,"href":"https:\/\/247stiri.ro\/index.php\/wp-json\/wp\/v2\/categories?post=46088"},{"taxonomy":"post_tag","embeddable":true,"href":"https:\/\/247stiri.ro\/index.php\/wp-json\/wp\/v2\/tags?post=46088"}],"curies":[{"name":"wp","href":"https:\/\/api.w.org\/{rel}","templated":true}]}}