{"id":46091,"date":"2025-04-09T08:44:52","date_gmt":"2025-04-09T08:44:52","guid":{"rendered":"https:\/\/247stiri.ro\/index.php\/2025\/04\/09\/grindeanu-la-inceperea-lucrarilor-pentru-metroul-catre-aeroportul-henri-coanda-undeva-in-2027-2028-vom-avea-aceasta-magistrala\/"},"modified":"2025-04-09T08:44:52","modified_gmt":"2025-04-09T08:44:52","slug":"grindeanu-la-inceperea-lucrarilor-pentru-metroul-catre-aeroportul-henri-coanda-undeva-in-2027-2028-vom-avea-aceasta-magistrala","status":"publish","type":"post","link":"https:\/\/247stiri.ro\/index.php\/2025\/04\/09\/grindeanu-la-inceperea-lucrarilor-pentru-metroul-catre-aeroportul-henri-coanda-undeva-in-2027-2028-vom-avea-aceasta-magistrala\/","title":{"rendered":"Grindeanu, la \u00eenceperea lucr\u0103rilor pentru metroul c\u0103tre Aeroportul Henri Coand\u0103: \u201dUndeva \u00een 2027-2028 vom avea aceast\u0103 magistral\u0103\u201d"},"content":{"rendered":"<p>Sorin Grindeanu a fost prezent, miercuri, la evenimentul de lansare a primului utilaj de foraj opera\u0163ional pe sec\u0163iunea sud a Magistralei de Metrou M6.\u00a0<\/p>\n<p>\u201dColegii \u00eemi spuneau c\u0103 prima oar\u0103 s-a discutat despre construc\u0163ia acestei magistrale pe vremea c\u00e2nd domnul Emil Constantinescu era pre\u015fedinte, undeva la sf\u00e2r\u015fitul anilor \u201990, c\u00e2nd s-a semnat prima \u00een\u0163elegere cu Guvernul japonez \u015fi azi venind aici i-am mul\u0163umit Excelen\u0163ei sale, domnul ambasador al Japoniei pentru r\u0103bdarea pe care au avut-o cu noi ca s\u0103 continue s\u0103 finan\u0163eze aceast\u0103 magistral\u0103.\u00a0Undeva la finalul anului 2021, c\u00e2nd am venit ministru la Transporturi g\u0103sisem proiectul anulat pentru c\u0103 ministrul dinainte spusese c\u0103 nu e rentabil s\u0103 facem aceast\u0103 linie de metrou de la 1 Mai p\u00e2n\u0103 la Aeroportul Henri Coand\u0103. Printre primele \u00eent\u00e2lniri pe care le-am avut, am avut cu ambasadorul Japoniei, exprim\u00e2ndu-ne dorin\u0163a de relua acest proiect \u015fi de a continua s\u0103 finan\u0163eze. Le-am spus c\u0103 acele nou\u0103 luni din perioada unora au fost o gre\u015feal\u0103 a istoriei \u015fi \u00eencepem s\u0103 lucr\u0103m la acest proiect\u201d, a declarat Sorin Grindeanu.<\/p>\n<p>El a ad\u0103ugat c\u0103 sta\u0163ia Tokyo va face leg\u0103tura cu 1 Mai \u00eentr-o parte \u015fi cu Aeroportul Henri Coand\u0103 \u00een partea cealalt\u0103.<\/p>\n<p>\u201dSuntem aici la sta\u0163ia Tokyo, care va face leg\u0103tura cu 1 Mai \u00eentr-o parte \u015fi cu Henri Coand\u0103 \u00een partea cealalt\u0103. Pe acest tronson vorbim de 6,6 kilometri, de \u015fase sta\u0163ii. Ast\u0103zi, TBM va \u00eencepe s\u0103 foreze. Pe \u00eentreg tronsonul vor fi 4 TBM-uri, undeva \u00een 2027-2028 de la 1 Mai p\u00e2n\u0103 la Aeroportul Henri Coand\u0103 vom avea aceast\u0103 magistral\u0103 M6\u201d, a explicat ministrul Transporturilor.<\/p>\n<p>El a mai afirmat c\u0103 ministerul dore\u015fte s\u0103 dea magistrala M6 c\u0103tre Prim\u0103ria Capitalei.<\/p>\n<p>\u201d\u00cemi doresc m\u0103car dup\u0103 ce facem aceast\u0103 magistral\u0103 M6 s\u0103 o d\u0103m c\u0103tre Prim\u0103ria General\u0103, cu tot cu subven\u0163ii, ca s\u0103 fiu foarte bine \u00een\u0163eles. Dac\u0103 vrem s\u0103 discut\u0103m de sistem integrat de transport \u00een Bucure\u015fti, nu putem discuta de unele lucruri care se afl\u0103 la Prim\u0103ria Bucure\u015fti \u015fi altele care se afl\u0103 la Ministerul Transporturilor. \u015ei ca s\u0103 fiu clar, cu tot cu subven\u0163ia care vine de la stat, c\u0103 am v\u0103zut c\u0103 unii spun alte lucruri\u201d, a mai transmis Sorin Grindeanu.<\/p>","protected":false},"excerpt":{"rendered":"<p>Sorin Grindeanu a fost prezent, miercuri, la evenimentul de lansare a primului utilaj de foraj&hellip;<\/p>\n","protected":false},"author":0,"featured_media":46082,"comment_status":"open","ping_status":"open","sticky":false,"template":"","format":"standard","meta":{"footnotes":""},"categories":[2],"tags":[],"class_list":["post-46091","post","type-post","status-publish","format-standard","has-post-thumbnail","hentry","category-actual"],"_links":{"self":[{"href":"https:\/\/247stiri.ro\/index.php\/wp-json\/wp\/v2\/posts\/46091","targetHints":{"allow":["GET"]}}],"collection":[{"href":"https:\/\/247stiri.ro\/index.php\/wp-json\/wp\/v2\/posts"}],"about":[{"href":"https:\/\/247stiri.ro\/index.php\/wp-json\/wp\/v2\/types\/post"}],"replies":[{"embeddable":true,"href":"https:\/\/247stiri.ro\/index.php\/wp-json\/wp\/v2\/comments?post=46091"}],"version-history":[{"count":0,"href":"https:\/\/247stiri.ro\/index.php\/wp-json\/wp\/v2\/posts\/46091\/revisions"}],"wp:featuredmedia":[{"embeddable":true,"href":"https:\/\/247stiri.ro\/index.php\/wp-json\/wp\/v2\/media\/46082"}],"wp:attachment":[{"href":"https:\/\/247stiri.ro\/index.php\/wp-json\/wp\/v2\/media?parent=46091"}],"wp:term":[{"taxonomy":"category","embeddable":true,"href":"https:\/\/247stiri.ro\/index.php\/wp-json\/wp\/v2\/categories?post=46091"},{"taxonomy":"post_tag","embeddable":true,"href":"https:\/\/247stiri.ro\/index.php\/wp-json\/wp\/v2\/tags?post=46091"}],"curies":[{"name":"wp","href":"https:\/\/api.w.org\/{rel}","templated":true}]}}