{"id":46107,"date":"2025-04-09T09:44:56","date_gmt":"2025-04-09T09:44:56","guid":{"rendered":"https:\/\/247stiri.ro\/index.php\/2025\/04\/09\/victoria-lui-catalin-hideg-in-instanta-procesul-denuntatorului-principal-al-generalilor-coldea-si-dumbrava-va-fi-reluat-de-la-zero\/"},"modified":"2025-04-09T09:44:56","modified_gmt":"2025-04-09T09:44:56","slug":"victoria-lui-catalin-hideg-in-instanta-procesul-denuntatorului-principal-al-generalilor-coldea-si-dumbrava-va-fi-reluat-de-la-zero","status":"publish","type":"post","link":"https:\/\/247stiri.ro\/index.php\/2025\/04\/09\/victoria-lui-catalin-hideg-in-instanta-procesul-denuntatorului-principal-al-generalilor-coldea-si-dumbrava-va-fi-reluat-de-la-zero\/","title":{"rendered":"Victoria lui C\u0103t\u0103lin Hideg \u00een instan\u021b\u0103! Procesul denun\u021b\u0103torului principal al generalilor Coldea \u0219i Dumbrav\u0103 va fi reluat de la zero"},"content":{"rendered":"<p>C\u0103t\u0103lin Hideg a reu\u0219it s\u0103-i conving\u0103 pe judec\u0103tori ca procesul s\u0103u s\u0103 fie rejudecat. Mai exact, dosarul s\u0103u se va \u00eentoarce la o alt\u0103 instan\u021b\u0103, o instan\u021b\u0103 inferioar\u0103 celei din Cluj. Curtea de Apel Cluj este cea care a dat aceast\u0103 hot\u0103r\u00e2re miercuri.\u00a0<\/p>\n<p>Practic, \u00een dosarul \u00een care &#8211; \u00een prim\u0103 faz\u0103 &#8211;\u00a0 C\u0103t\u0103lin Hideg fusese condamnat la 4 ani de \u00eenchisoare, judec\u0103torii vor reface toat\u0103 judecata. Magistra\u021bii vor lua de la zero toat\u0103 judecata: el va fi audiat, vor fi audia\u021bi, de asemenea, martori, se vor administra probele pe care \u0219i procurorii DNA le-au f\u0103cut.\u00a0<\/p>\n<p>Reamintim c\u0103 acest dosar este primul dosar cu care s-a l\u0103udat Laura Codru\u021ba Kovesi c\u0103 l-a instrumentat Parchetul European \u00een Rom\u00e2nia.\u00a0<\/p>\n<p>Prima reac\u021bie a lui C\u0103t\u0103lin Hideg, cel care i-a denun\u021bat pe Coldea \u0219i Dumbrav\u0103 la DNA, va putea fi urm\u0103rit\u0103 la ora 15.00, la Realitatea PLUS. Acesta va intra \u00een direct cu jurnali\u0219tii postului de televiziune.<\/p>","protected":false},"excerpt":{"rendered":"<p>C\u0103t\u0103lin Hideg a reu\u0219it s\u0103-i conving\u0103 pe judec\u0103tori ca procesul s\u0103u s\u0103 fie rejudecat. Mai&hellip;<\/p>\n","protected":false},"author":0,"featured_media":46108,"comment_status":"open","ping_status":"open","sticky":false,"template":"","format":"standard","meta":{"footnotes":""},"categories":[2],"tags":[],"class_list":["post-46107","post","type-post","status-publish","format-standard","has-post-thumbnail","hentry","category-actual"],"_links":{"self":[{"href":"https:\/\/247stiri.ro\/index.php\/wp-json\/wp\/v2\/posts\/46107","targetHints":{"allow":["GET"]}}],"collection":[{"href":"https:\/\/247stiri.ro\/index.php\/wp-json\/wp\/v2\/posts"}],"about":[{"href":"https:\/\/247stiri.ro\/index.php\/wp-json\/wp\/v2\/types\/post"}],"replies":[{"embeddable":true,"href":"https:\/\/247stiri.ro\/index.php\/wp-json\/wp\/v2\/comments?post=46107"}],"version-history":[{"count":0,"href":"https:\/\/247stiri.ro\/index.php\/wp-json\/wp\/v2\/posts\/46107\/revisions"}],"wp:featuredmedia":[{"embeddable":true,"href":"https:\/\/247stiri.ro\/index.php\/wp-json\/wp\/v2\/media\/46108"}],"wp:attachment":[{"href":"https:\/\/247stiri.ro\/index.php\/wp-json\/wp\/v2\/media?parent=46107"}],"wp:term":[{"taxonomy":"category","embeddable":true,"href":"https:\/\/247stiri.ro\/index.php\/wp-json\/wp\/v2\/categories?post=46107"},{"taxonomy":"post_tag","embeddable":true,"href":"https:\/\/247stiri.ro\/index.php\/wp-json\/wp\/v2\/tags?post=46107"}],"curies":[{"name":"wp","href":"https:\/\/api.w.org\/{rel}","templated":true}]}}