{"id":46121,"date":"2025-04-09T10:45:09","date_gmt":"2025-04-09T10:45:09","guid":{"rendered":"https:\/\/247stiri.ro\/index.php\/2025\/04\/09\/surse-sedinta-cu-executia-lui-lasconi-convocata-de-clotilde-armand-lidera-rezistilor-somata-sa-renunte-si-la-sefia-partidului\/"},"modified":"2025-04-09T10:45:09","modified_gmt":"2025-04-09T10:45:09","slug":"surse-sedinta-cu-executia-lui-lasconi-convocata-de-clotilde-armand-lidera-rezistilor-somata-sa-renunte-si-la-sefia-partidului","status":"publish","type":"post","link":"https:\/\/247stiri.ro\/index.php\/2025\/04\/09\/surse-sedinta-cu-executia-lui-lasconi-convocata-de-clotilde-armand-lidera-rezistilor-somata-sa-renunte-si-la-sefia-partidului\/","title":{"rendered":"SURSE: \u0218edin\u021ba cu &#8222;execu\u021bia&#8221; lui Lasconi, convocat\u0103 de Clotilde Armand! Lidera rezi\u0219tilor, somat\u0103 s\u0103 renun\u021be \u0219i la \u0219efia partidului"},"content":{"rendered":"<p>Miercuri a avut loc o \u0219edin\u021b\u0103 tensionat\u0103 a celor de la USR, o \u0219edin\u021b\u0103 \u00een urma c\u0103reia rezi\u0219tii au decis s\u0103 nu o mai sus\u021bin\u0103 pe Elena Lasconi\u00a0\u00een cursa pentru preziden\u021biale \u0219i s\u0103 \u00eei ofere sprijinul lui Nicu\u0219or Dan \u00een aceast\u0103 lupt\u0103.Motivul invocat de cei mai mul\u021bi lideri a fost acela c\u0103 \u00een ultimul sondaj intern f\u0103cut de forma\u021biune, Lasconi nu ar ob\u021bine mai mult de 4 procente \u00een primul tur al alegerilor preziden\u021biale, fapt pentru care au decis s\u0103-l sus\u021bin\u0103\u00a0pe Nicu\u0219or Dan.Mai mult dec\u00e2t at\u00e2t, Dominic Fritz, unul dintre liderii USR, spunea c\u0103 Elena Lasconi a anun\u021bat \u00een aceast\u0103 \u0219edin\u021b\u0103 c\u0103 nu va renun\u021ba la curs\u0103 \u0219i c\u0103 va merge mai departe. Vorbim despre o \u0219edin\u021b\u0103 care a fost convocat\u0103 de Clotilde Armand, fosta prim\u0103ri\u021b\u0103 de la Sectorul 1, despre care Elena\u00a0Lasconi spunea cu c\u00e2teva zile \u00een urm\u0103 c\u0103 \u00een momentul \u00een care se va face un congres va fi exclus\u0103 din partid pentru c\u0103 &#8222;a tr\u0103dat&#8221; forma\u021biunea.Referitor la retragerea sprijinului politic de c\u0103tre USR, Elena\u00a0Lasconi a venit cu o reac\u021bie pentru pres\u0103. Aceasta spunea c\u0103 nu se va retrage din curs\u0103 \u0219i nu va renun\u021ba nici la \u0219efia partidului, de\u0219i i s-a cerut acest lucru. Ea a venit cu atacuri c\u0103tre colegii ei, spun\u00e2nd c\u0103 &#8222;Nicu\u0219or Dan este un om al sistemului&#8221;.<\/p>\n<p>&#8222;Sondajele noastre la fel ca \u0219i toate sondajele reale arat\u0103 clar &#8211; dac\u0103 ast\u0103zi ar fi aleegrile, \u00een turul 2 ar fi Victor Ponta \u0219i george Simion. Nicu\u0219or Dan s-ar clasa pe locul 3, la o mic\u0103 distan\u021b\u0103 dup\u0103 Victor Ponta, iar &#8211; \u0219i o spun cu durere &#8211; candidata USR Elena Lasconi ar avea un scor de 4-5%.\u00a0<\/p>\n<p>Pentru noi este foarte clar c\u0103 nu mai exist\u0103 o cale pentru Elena Lasconi s\u0103 ajung\u0103 \u00een turul 2.\u00a0<\/p>\n<p>Am decis s\u0103 convoc\u0103m un Comitet Politic, lu\u00e2nd \u00een considerare pericolul real \u00een care este Rom\u00e2nia, \u0219i s\u0103 punem pe\u00a0 primul loc responsabilitatea fa\u021b\u0103 de aceast\u0103 \u021bar\u0103, s\u0103 vot\u0103m sus\u021binerea unui independent pentru func\u021bia de pre\u0219edinte al Rom\u00e2niei.\u00a0<\/p>\n<p>Fac un apel la PNL \u0219i la UDMR: nu pica\u021bi din nou \u00een capcana PSD, care are un candidat, \u0219i de care \u0219tim ast\u0103zi c\u0103 o majoritate a votan\u021bilor PSD o sa \u00eel \u0219i voteze.\u00a0<\/p>\n<p>Am discutat cu ea (Lasconi &#8211; n.r.), a \u0219i fost prezent\u0103 \u00een \u0219edin\u021b\u0103. Din p\u0103cate, ea se pare c\u0103 vrea s\u0103 continue pe acest drum \u0219i noi, din p\u0103cate, nu o mai putem sus\u021bine \u00een acest drum \u0219i apelul nostru va fi sus\u021binerea lui Nicu\u0219or Dan.<\/p>\n<p>Dac\u0103 m\u00e2ine Comitetul Politic &#8211; chiar dac\u0103 e informal &#8211; va confirma majoritatea de ast\u0103zi, din Biroul Na\u021bional, cred c\u0103 gestul normal ar fi s\u0103 se retrag\u0103 \u0219i din func\u021bia de pre\u0219edinte&#8221;, a declarat Dominic Fritz, vicepre\u0219edinte al USR.\u00a0<\/p>","protected":false},"excerpt":{"rendered":"<p>Miercuri a avut loc o \u0219edin\u021b\u0103 tensionat\u0103 a celor de la USR, o \u0219edin\u021b\u0103 \u00een&hellip;<\/p>\n","protected":false},"author":0,"featured_media":46122,"comment_status":"open","ping_status":"open","sticky":false,"template":"","format":"standard","meta":{"footnotes":""},"categories":[3],"tags":[],"class_list":["post-46121","post","type-post","status-publish","format-standard","has-post-thumbnail","hentry","category-politica"],"_links":{"self":[{"href":"https:\/\/247stiri.ro\/index.php\/wp-json\/wp\/v2\/posts\/46121","targetHints":{"allow":["GET"]}}],"collection":[{"href":"https:\/\/247stiri.ro\/index.php\/wp-json\/wp\/v2\/posts"}],"about":[{"href":"https:\/\/247stiri.ro\/index.php\/wp-json\/wp\/v2\/types\/post"}],"replies":[{"embeddable":true,"href":"https:\/\/247stiri.ro\/index.php\/wp-json\/wp\/v2\/comments?post=46121"}],"version-history":[{"count":0,"href":"https:\/\/247stiri.ro\/index.php\/wp-json\/wp\/v2\/posts\/46121\/revisions"}],"wp:featuredmedia":[{"embeddable":true,"href":"https:\/\/247stiri.ro\/index.php\/wp-json\/wp\/v2\/media\/46122"}],"wp:attachment":[{"href":"https:\/\/247stiri.ro\/index.php\/wp-json\/wp\/v2\/media?parent=46121"}],"wp:term":[{"taxonomy":"category","embeddable":true,"href":"https:\/\/247stiri.ro\/index.php\/wp-json\/wp\/v2\/categories?post=46121"},{"taxonomy":"post_tag","embeddable":true,"href":"https:\/\/247stiri.ro\/index.php\/wp-json\/wp\/v2\/tags?post=46121"}],"curies":[{"name":"wp","href":"https:\/\/api.w.org\/{rel}","templated":true}]}}