{"id":46124,"date":"2025-04-09T10:45:11","date_gmt":"2025-04-09T10:45:11","guid":{"rendered":"https:\/\/247stiri.ro\/index.php\/2025\/04\/09\/peste-600-de-copii-din-galati-din-localitatile-afectate-de-inundatii-vor-primi-imbracaminte-si-incaltaminte-de-paste\/"},"modified":"2025-04-09T10:45:11","modified_gmt":"2025-04-09T10:45:11","slug":"peste-600-de-copii-din-galati-din-localitatile-afectate-de-inundatii-vor-primi-imbracaminte-si-incaltaminte-de-paste","status":"publish","type":"post","link":"https:\/\/247stiri.ro\/index.php\/2025\/04\/09\/peste-600-de-copii-din-galati-din-localitatile-afectate-de-inundatii-vor-primi-imbracaminte-si-incaltaminte-de-paste\/","title":{"rendered":"Peste 600 de copii din Gala\u021bi, din localit\u0103\u021bile afectate de inunda\u021bii, vor primi \u00eembr\u0103c\u0103minte \u0219i \u00eenc\u0103l\u021b\u0103minte de Pa\u0219te"},"content":{"rendered":"<p>\u201e\u00cen Arhiepiscopia Dun\u0103rii de Jos, cu binecuv\u00e2ntarea \u00cenaltpreasfin\u021bitului P\u0103rinte Casian, a \u00eenceput implementarea programul social-filantropic &#8216;Ne \u00eennoim de Sfintele Pa\u0219ti&#8217; pentru copiii din familiile sinistrate din jude\u021bul Gala\u021bi. \u00cen cadrul acestui program eparhial, peste 600 de copii care provin din familiile sinistrate din 18 localit\u0103\u021bi afectate anul trecut de rev\u0103rsarea apelor primesc \u00een aceste zile articole vestimentare \u0219i \u00eenc\u0103l\u021b\u0103minte \u00een valoare de aproximativ 240.000 de lei\u201d, se arat\u0103 \u00eentr-un comunicat de pres\u0103 transmis, miercuri, de Arhiepiscopia Dun\u0103rii de Jos.Astfel, de la primele ore ale dimine\u021bii, \u00eenso\u021bi\u021bi de p\u0103rin\u021bii lor, de preo\u021bii din parohiile de care apar\u021bin \u0219i de profesorii de la unit\u0103\u021bile \u0219colare, 370 de copii din 11 comunit\u0103\u021bi au primit cu mare bucurie produsele de \u00eembr\u0103c\u0103minte \u0219i de \u00eenc\u0103l\u021b\u0103minte achizi\u021bionate special pentru ei.\u201eEntuziasmul \u0219i mul\u021bumirea sincer\u0103 s-au putut observa pe chipurile p\u0103rin\u021bilor \u0219i ale acestor copii ce au beneficiat de darurile oferite de Biseric\u0103. M\u00e2ine sunt programate alte parohii din cuprinsul Arhiepiscopiei Dun\u0103rii de Jos pentru continuarea acestui program special pentru copii prin care se aduce m\u00e2ng\u00e2iere, speran\u021b\u0103 \u0219i ajutor concret \u00een zonele afectate de inunda\u021bii cu prilejul S\u0103rb\u0103torii \u00cenvierii Domnului\u201d, au precizat reprezentan\u021bii Arhiepiscopiei Dun\u0103rii de Jos.<\/p>","protected":false},"excerpt":{"rendered":"<p>\u201e\u00cen Arhiepiscopia Dun\u0103rii de Jos, cu binecuv\u00e2ntarea \u00cenaltpreasfin\u021bitului P\u0103rinte Casian, a \u00eenceput implementarea programul social-filantropic&hellip;<\/p>\n","protected":false},"author":0,"featured_media":46125,"comment_status":"open","ping_status":"open","sticky":false,"template":"","format":"standard","meta":{"footnotes":""},"categories":[2],"tags":[],"class_list":["post-46124","post","type-post","status-publish","format-standard","has-post-thumbnail","hentry","category-actual"],"_links":{"self":[{"href":"https:\/\/247stiri.ro\/index.php\/wp-json\/wp\/v2\/posts\/46124","targetHints":{"allow":["GET"]}}],"collection":[{"href":"https:\/\/247stiri.ro\/index.php\/wp-json\/wp\/v2\/posts"}],"about":[{"href":"https:\/\/247stiri.ro\/index.php\/wp-json\/wp\/v2\/types\/post"}],"replies":[{"embeddable":true,"href":"https:\/\/247stiri.ro\/index.php\/wp-json\/wp\/v2\/comments?post=46124"}],"version-history":[{"count":0,"href":"https:\/\/247stiri.ro\/index.php\/wp-json\/wp\/v2\/posts\/46124\/revisions"}],"wp:featuredmedia":[{"embeddable":true,"href":"https:\/\/247stiri.ro\/index.php\/wp-json\/wp\/v2\/media\/46125"}],"wp:attachment":[{"href":"https:\/\/247stiri.ro\/index.php\/wp-json\/wp\/v2\/media?parent=46124"}],"wp:term":[{"taxonomy":"category","embeddable":true,"href":"https:\/\/247stiri.ro\/index.php\/wp-json\/wp\/v2\/categories?post=46124"},{"taxonomy":"post_tag","embeddable":true,"href":"https:\/\/247stiri.ro\/index.php\/wp-json\/wp\/v2\/tags?post=46124"}],"curies":[{"name":"wp","href":"https:\/\/api.w.org\/{rel}","templated":true}]}}