{"id":46126,"date":"2025-04-09T10:45:12","date_gmt":"2025-04-09T10:45:12","guid":{"rendered":"https:\/\/247stiri.ro\/index.php\/2025\/04\/09\/mircea-fechet-anunta-ca-institutiile-de-control-din-cadrul-ministerului-mediului-vor-fi-comasate-intr-una-singura\/"},"modified":"2025-04-09T10:45:12","modified_gmt":"2025-04-09T10:45:12","slug":"mircea-fechet-anunta-ca-institutiile-de-control-din-cadrul-ministerului-mediului-vor-fi-comasate-intr-una-singura","status":"publish","type":"post","link":"https:\/\/247stiri.ro\/index.php\/2025\/04\/09\/mircea-fechet-anunta-ca-institutiile-de-control-din-cadrul-ministerului-mediului-vor-fi-comasate-intr-una-singura\/","title":{"rendered":"Mircea Fechet anun\u021b\u0103 c\u0103 institu\u021biile de control din cadrul Ministerului Mediului vor fi comasate \u00eentr-una singur\u0103"},"content":{"rendered":"<p>Totodat\u0103, ministrul Mediului a anun\u021bat c\u0103 urmeaz\u0103 s\u0103 fie \u00eenfiin\u021bat\u0103 o direc\u021bie \u00een cadrul ministerului care se va ocupa cu folosirea inteligen\u021bei artificiale \u00een emiterea autoriza\u021biilor \u0219i a altor documente. El a fost \u00eentrebat de jurnali\u0219ti dac\u0103 va fi o nou\u0103 agen\u021bie \u0219i dac\u0103 poate s\u0103 ofere mai multe detalii \u00een acest sens.\u201e\u00cen niciun caz nu \u00eemi propun s\u0103 \u00eenfiin\u021bez o agen\u021bie. Dimpotriv\u0103, dup\u0103 ce am comasat dou\u0103 agen\u021bii \u00een cursul s\u0103pt\u0103m\u00e2nii trecute, urmeaz\u0103 cel mai probabil, s\u0103pt\u0103m\u00e2na viitoare, s\u0103 anun\u021b o nou\u0103 comasare. Mai unim \u00eenc\u0103 dou\u0103 agen\u021bii din cadrul Ministerului, \u00eentr-una singur\u0103.<\/p>\n<p>Cel mai probabil, institu\u021biile de control din minister vor fi comasate \u00eentr-o singur\u0103 institu\u021bie, ceea ce \u00eenseamn\u0103 mai pu\u021bini demnitari, o singur\u0103 direc\u021bie economic\u0103, o singur\u0103 direc\u021bie de resurse umane &#8211; \u0219i a\u0219a mai departe \u0219i, la sf\u00e2r\u0219it, va \u00eensemna o economie de bani de la bugetul de stat pe care suntem oricum obliga\u021bi s\u0103 o facem, av\u00e2nd \u00een vedere programul de guvernare.<\/p>\n<p>\u00cen nici un caz nu \u00eenfiin\u021bez o nou\u0103 agen\u021bie, ci o structur\u0103 \u00een cadrul Ministerului, mai mic\u0103 la \u00eenceput, probabil vor fi 3-4 oameni, care vor avea ca sarcin\u0103 direct\u0103 s\u0103 evalueze \u0219i s\u0103 vad\u0103 ce tehnologii sunt deja folosite, \u00een ceea ce prive\u0219te inteligen\u021ba artificial\u0103\u201d, a precizat Mircea Fechet.Cea mai mare expozi\u021bie green din Rom\u00e2nia &#8211; Green Energy Expo &amp; Romenvirotec &#8211; se desf\u0103\u0219oar\u0103 \u00een perioada 9 &#8211; 11 aprilie, \u00een incinta complexului expozi\u021bional Romexpo. Evenimentul abordeaz\u0103 via\u021ba sustenabil\u0103, de la produc\u021bia de energie regenerabil\u0103 \u0219i eficien\u021ba energetic\u0103 la colectarea, sortarea \u0219i reciclarea inteligent\u0103 a de\u0219eurilor, de la gestionarea apei \u0219i apei uzate la transformarea smart a vie\u021bii urbane \u0219i servicii publice digitalizate.<\/p>","protected":false},"excerpt":{"rendered":"<p>Totodat\u0103, ministrul Mediului a anun\u021bat c\u0103 urmeaz\u0103 s\u0103 fie \u00eenfiin\u021bat\u0103 o direc\u021bie \u00een cadrul ministerului&hellip;<\/p>\n","protected":false},"author":0,"featured_media":46118,"comment_status":"open","ping_status":"open","sticky":false,"template":"","format":"standard","meta":{"footnotes":""},"categories":[2],"tags":[],"class_list":["post-46126","post","type-post","status-publish","format-standard","has-post-thumbnail","hentry","category-actual"],"_links":{"self":[{"href":"https:\/\/247stiri.ro\/index.php\/wp-json\/wp\/v2\/posts\/46126","targetHints":{"allow":["GET"]}}],"collection":[{"href":"https:\/\/247stiri.ro\/index.php\/wp-json\/wp\/v2\/posts"}],"about":[{"href":"https:\/\/247stiri.ro\/index.php\/wp-json\/wp\/v2\/types\/post"}],"replies":[{"embeddable":true,"href":"https:\/\/247stiri.ro\/index.php\/wp-json\/wp\/v2\/comments?post=46126"}],"version-history":[{"count":0,"href":"https:\/\/247stiri.ro\/index.php\/wp-json\/wp\/v2\/posts\/46126\/revisions"}],"wp:featuredmedia":[{"embeddable":true,"href":"https:\/\/247stiri.ro\/index.php\/wp-json\/wp\/v2\/media\/46118"}],"wp:attachment":[{"href":"https:\/\/247stiri.ro\/index.php\/wp-json\/wp\/v2\/media?parent=46126"}],"wp:term":[{"taxonomy":"category","embeddable":true,"href":"https:\/\/247stiri.ro\/index.php\/wp-json\/wp\/v2\/categories?post=46126"},{"taxonomy":"post_tag","embeddable":true,"href":"https:\/\/247stiri.ro\/index.php\/wp-json\/wp\/v2\/tags?post=46126"}],"curies":[{"name":"wp","href":"https:\/\/api.w.org\/{rel}","templated":true}]}}