{"id":46147,"date":"2025-04-09T12:45:04","date_gmt":"2025-04-09T12:45:04","guid":{"rendered":"https:\/\/247stiri.ro\/index.php\/2025\/04\/09\/mircea-fechet-infiinteaza-o-directie-de-inteligenta-artificiala-dupa-modelele-din-franta-si-danemarca\/"},"modified":"2025-04-09T12:45:04","modified_gmt":"2025-04-09T12:45:04","slug":"mircea-fechet-infiinteaza-o-directie-de-inteligenta-artificiala-dupa-modelele-din-franta-si-danemarca","status":"publish","type":"post","link":"https:\/\/247stiri.ro\/index.php\/2025\/04\/09\/mircea-fechet-infiinteaza-o-directie-de-inteligenta-artificiala-dupa-modelele-din-franta-si-danemarca\/","title":{"rendered":"Mircea Fechet \u00eenfiin\u0163eaz\u0103 o Direc\u0163ie de Inteligen\u0163\u0103 Artificial\u0103, dup\u0103 modelele din Fran\u0163a \u015fi Danemarca"},"content":{"rendered":"<p>\u201dAm decis s\u0103 \u00eenfiin\u0163ez, la Ministerul Mediului, o Direc\u0163ie de Inteligen\u0163\u0103 Artificial\u0103 (IA), pentru c\u0103 \u00eemi propun s\u0103 fim mai ambi\u0163io\u015fi \u015fi s\u0103 aliniem responsabilitatea pentru natur\u0103, la nivel administrativ, cu cele mai noi tehnologii. Inteligen\u0163a Artificial\u0103 va deveni partenerul de \u00eencredere al colegilor mei \u00een procesele de reglementare, inclusiv \u00een emiterea autoriza\u0163iilor \u015fi avizelor de mediu\u201d, spune ministrul.<\/p>\n<p>Direc\u0163ia va procesa informa\u0163ii \u00een timp real, va analiza rapid documente \u015fi date complexe, economisind timp \u015fi reduc\u00e2nd erorile umane.<\/p>\n<p>\u201d\u00centr-o prim\u0103 etap\u0103, vom evalua procedurile unde sprijinul IA \u015fi al tehnologiilor adiacente (algoritmi, \u00eenv\u0103\u0163are automat\u0103, sisteme inteligente) este util \u015fi vom \u00eemprumuta modele de bune practici de la \u0163\u0103ri precum Fran\u0163a \u015fi Danemarca, unde Inteligen\u0163a Artificial\u0103 e folosit\u0103 cu succes pentru \u00eembun\u0103t\u0103\u0163irea eficien\u0163ei \u015fi sustenabilit\u0103\u0163ii \u00een administra\u0163ie\u201d, afirm\u0103 ministrul Mediului.<\/p>","protected":false},"excerpt":{"rendered":"<p>\u201dAm decis s\u0103 \u00eenfiin\u0163ez, la Ministerul Mediului, o Direc\u0163ie de Inteligen\u0163\u0103 Artificial\u0103 (IA), pentru c\u0103&hellip;<\/p>\n","protected":false},"author":0,"featured_media":46146,"comment_status":"open","ping_status":"open","sticky":false,"template":"","format":"standard","meta":{"footnotes":""},"categories":[2],"tags":[],"class_list":["post-46147","post","type-post","status-publish","format-standard","has-post-thumbnail","hentry","category-actual"],"_links":{"self":[{"href":"https:\/\/247stiri.ro\/index.php\/wp-json\/wp\/v2\/posts\/46147","targetHints":{"allow":["GET"]}}],"collection":[{"href":"https:\/\/247stiri.ro\/index.php\/wp-json\/wp\/v2\/posts"}],"about":[{"href":"https:\/\/247stiri.ro\/index.php\/wp-json\/wp\/v2\/types\/post"}],"replies":[{"embeddable":true,"href":"https:\/\/247stiri.ro\/index.php\/wp-json\/wp\/v2\/comments?post=46147"}],"version-history":[{"count":0,"href":"https:\/\/247stiri.ro\/index.php\/wp-json\/wp\/v2\/posts\/46147\/revisions"}],"wp:featuredmedia":[{"embeddable":true,"href":"https:\/\/247stiri.ro\/index.php\/wp-json\/wp\/v2\/media\/46146"}],"wp:attachment":[{"href":"https:\/\/247stiri.ro\/index.php\/wp-json\/wp\/v2\/media?parent=46147"}],"wp:term":[{"taxonomy":"category","embeddable":true,"href":"https:\/\/247stiri.ro\/index.php\/wp-json\/wp\/v2\/categories?post=46147"},{"taxonomy":"post_tag","embeddable":true,"href":"https:\/\/247stiri.ro\/index.php\/wp-json\/wp\/v2\/tags?post=46147"}],"curies":[{"name":"wp","href":"https:\/\/api.w.org\/{rel}","templated":true}]}}