{"id":46148,"date":"2025-04-09T12:45:04","date_gmt":"2025-04-09T12:45:04","guid":{"rendered":"https:\/\/247stiri.ro\/index.php\/2025\/04\/09\/amanare-a-sentintei-lui-vlad-pascu-in-dosarul-2-mai-cum-a-decurs-intalnirea-dintre-parintii-victimelor-tragediei-si-familia-pascu-declaratii-cutremuratoare\/"},"modified":"2025-04-09T12:45:04","modified_gmt":"2025-04-09T12:45:04","slug":"amanare-a-sentintei-lui-vlad-pascu-in-dosarul-2-mai-cum-a-decurs-intalnirea-dintre-parintii-victimelor-tragediei-si-familia-pascu-declaratii-cutremuratoare","status":"publish","type":"post","link":"https:\/\/247stiri.ro\/index.php\/2025\/04\/09\/amanare-a-sentintei-lui-vlad-pascu-in-dosarul-2-mai-cum-a-decurs-intalnirea-dintre-parintii-victimelor-tragediei-si-familia-pascu-declaratii-cutremuratoare\/","title":{"rendered":"Am\u00e2nare a sentin\u021bei lui Vlad Pascu, \u00een dosarul 2 Mai. Cum a decurs \u00eent\u00e2lnirea dintre p\u0103rin\u021bii victimelor tragediei \u0219i familia Pascu: declara\u021bii cutremur\u0103toare"},"content":{"rendered":"<p>\u201dS-a solicitat un termen de judecat\u0103 din partea avoca\u0163ilor inculpatului, s-au depus motive noi de apel. Foarte interesant, au fost depuse ni\u015fte motive de apel despre care Pascu spune c\u0103 nu \u015fi le \u00eensu\u015fe\u015fte \u015fi practic motivele respective vor fi retrase\u201d, a afirmat avocatul Adrian Cuculis.<\/p>\n<p>El a precizat c\u0103 solicit\u0103 schimbarea \u00eencadr\u0103rii juridice a faptei.<\/p>\n<p>\u201dSolicit\u0103m schimbarea \u00eencadr\u0103rii juridice a faptei, Pascu s\u0103 fie cercetat \u015fi condamnat pentru omor calificat \u015fi tentativ\u0103 la omor calificat. Dac\u0103 se va trece peste lucrul acesta \u015fi va men\u0163ine instan\u0163a Cur\u0163ii de Apel aceea\u015fi acuza\u0163ie, respectiv cea de ucidere din culp\u0103 \u015fi v\u0103t\u0103mare corporal\u0103, vom solicita m\u0103car ca pedeapsa care o s\u0103 fie aplicat\u0103, \u015ftim foarte bine c\u0103 la Judec\u0103toria Mangalia a primit acei 10 ani. A primit 10 ani pentru c\u0103 i-ar fi mai u\u015for ca ulterior la o liberare condi\u0163ionat\u0103 s\u0103 ias\u0103 la o frac\u0163ie de pedeaps\u0103 mai mic\u0103 dec\u00e2t o pedeaps\u0103 peste 10 ani care nu i-ar fi permis acest lucru. Solicit\u0103m s\u0103 fie aplicat\u0103 pedeapsa maximal\u0103, inclusiv pentru p\u0103r\u0103sirea locului accidentului\u201d, a explicat Adrian Cuculis.<\/p>\n<p>Avocatul contest\u0103 \u015fi valoarea desp\u0103gubirilor civile decise de Judec\u0103toria Mangalia: \u201dVia\u0163a unui om a fost considerat\u0103 c\u0103 merit\u0103 practic o ma\u015fin\u0103 mai scump\u0103 a unui bog\u0103ta\u015f, adic\u0103 250.000 de euro pentru o parte dintre ei, lucru care mi se pare inacceptabil \u015fi am atacat inclusiv acest lucru\u201d.<\/p>\n<p>Strategia avoca\u021bilor lui Pascu: ce \u00eencearc\u0103 s\u0103 ob\u021bin\u0103<\/p>\n<p>Liviu Cristescu, unul dintre noii avoca\u0163i ai lui Vlad Pascu, a precizat c\u0103 a cerut un nou termen pentru preg\u0103tirea ap\u0103r\u0103rii.<\/p>\n<p>\u201dUrmeaz\u0103 s\u0103 analiz\u0103m motivele de apel depuse de persoanele v\u0103t\u0103mate de cur\u00e2nd \u015fi sunt destul de extinse. La termenul ce urmeaz\u0103 vor fi puse \u00een discu\u0163ie toate cererile pe care le-au formulat \u015fi pe care prefigur\u0103m c\u0103 le vor formula at\u00e2t persoanele v\u0103t\u0103mate, c\u00e2t \u015fi noi\u201d, a afirmat Cristescu.<\/p>\n<p>El a precizat c\u0103 va \u00eencercat s\u0103 conving\u0103 instan\u0163a de faptul c\u0103 pedeapsa aplicat\u0103 nu este propor\u0163ional\u0103 cu situa\u0163ia de fapt.<\/p>\n<p>\u201dVom \u00eencerca s\u0103 convingem completul de la Curtea de Apel s\u0103 o reduc\u0103. Cu c\u00e2t, dac\u0103 o va reduce \u015fi cu c\u00e2t o va reduce este atributul completului de judecat\u0103\u201d, a afirmat avocatul<\/p>\n<p>Colegul s\u0103u, avocatul Radu Doicescu, a declarat c\u0103 pedeapsa ar trebui s\u0103 se \u00eencadreze \u00een media practicii judiciare de la nivel na\u0163ional.<\/p>\n<p>\u201dAceast\u0103 spe\u0163\u0103 a provocat \u015fi generat de-a lungul timpului destul de mult\u0103 emo\u0163ie \u00a0\u015fi pozitiv \u015fi negativ\u0103. Acum este evident c\u0103 nu putem noi s\u0103 clam\u0103m c\u0103 suntem de\u0163in\u0103torii adev\u0103rului absolut \u015fi \u015ftim c\u00e2t ar trebui s\u0103 se dea. Tot ceea ce c\u0103ut\u0103m \u00een acest dosar este un echilibru, o logic\u0103 \u015fi un bun sim\u0163 al analizei pe care trebuie s\u0103 o fac\u0103 orice fel de magistrat. \u015ei \u00een aceast\u0103 cauz\u0103 pedeapsa ar trebui s\u0103 se \u00eencadreze undeva \u00een media practicii judiciare existente la nivelul \u0163\u0103rii\u201d, a afirmat Radu Doicescu.<\/p>\n<p>El a ad\u0103ugat c\u0103 media pedepselor \u00een spe\u0163e similare este de cel mult \u015fapte ani.<\/p>\n<p>Tat\u0103l lui Sebi, t\u00e2n\u0103rul ucis \u00een accidentul de la 2 Mai, despre \u00eent\u00e2lnirea cu Mihai Pascu<\/p>\n<p>Valentin Olariu, tat\u0103l lui Sebi, t\u00e2n\u0103rul ucis \u00een accidentul de la 2 Mai, a povestit jurnali\u015ftilor despre \u00eent\u00e2lnirea cu tat\u0103l lui Pascu.<\/p>\n<p>\u201dE prima oar\u0103 c\u00e2nd \u00eel v\u0103d. Mi-a spus bun\u0103 diminea\u0163a. Pe urm\u0103 mi-am dat seama c\u0103 este el. Ce am sim\u0163it? Foarte mult\u0103 ur\u0103. \u015ei mi-am dat seama c\u0103 \u015fi mama lui, nici pe ea nu am v\u0103zut-o, era chiar \u00een fa\u0163a mea. Ei sunt principalii vinova\u0163i \u00een cre\u015fterea \u015fi educarea lui Vlad Pascu. Ei i-au dat bani \u015fi banii l-au adus unde este. (&#8230;) Acum \u015fi-a luat avoca\u0163i din Constan\u0163a. Sunt la ei acas\u0103 \u015fi \u015ftiu c\u0103 ace\u015fti avoca\u0163i au mult pile \u00een judec\u0103torie \u015fi sunt siguri pe ei. De aia s-a \u015fi ar\u0103tat. La Mangalia st\u0103tea pe str\u0103du\u0163e \u015fi pe urm\u0103 se \u00eent\u00e2lnea cu avoca\u0163ii. Acum a avut bunul sim\u0163 s\u0103 vin\u0103 s\u0103 dea fa\u0163\u0103 \u00een fa\u0163\u0103 cu noi \u015fi s\u0103 \u00eemi spun\u0103 \u015fi bun\u0103 diminea\u0163a\u201d, a afirmat b\u0103rbatul.<\/p>\n<p>Mihai Pascu, declara\u021bie halucinant\u0103 \u00een fa\u021ba jurnali\u0219tilor: Trebuie s\u0103 \u00ee\u015fi isp\u0103\u015feasc\u0103 pedeapsa pe care o merit\u0103<\/p>\n<p>Mihai Pascu, tat\u0103l lui Vlad, a declarat jurnali\u015ftilor c\u0103 regret\u0103 ceea ce a f\u0103cut fiul s\u0103u.<\/p>\n<p>\u201dVreau ca s\u0103 transmit p\u0103rin\u0163ilor copiilor deceda\u0163i condolean\u0163e, \u00een\u0163eleg starea d\u00e2n\u015filor. Regret ceea ce a f\u0103cut fiul meu \u015fi nu am o m\u0103sur\u0103 pe care s\u0103 o dau la ceea ce s-a \u00eent\u00e2mplat. Schimb scaunul cu d\u00e2n\u015fii \u015fi \u00eemi dau seama de atitudinea pe care o au \u015fi ce s\u0103 fac, sunt \u00eentr-o postur\u0103 \u00een care sunt neputincios\u201d, a transmis Mihai Pascu.<\/p>\n<p>El a mai ad\u0103ugat c\u0103 nu cere ca fiul s\u0103u s\u0103 fie liber.<\/p>\n<p>\u201dNu cer ca fiul meu s\u0103 fie liber. Trebuie s\u0103 \u00ee\u015fi isp\u0103\u015feasc\u0103 pedeapsa pe care o merit\u0103, dar nu \u00eenseamn\u0103 c\u0103 dac\u0103 mediatizarea asta mare care s-a f\u0103cut pe acest caz, \u0163in\u00e2nd cont de faptul c\u0103 au fost 3.500 de mor\u0163i \u00een 2023 \u00een urma accidentelor rutiere, respectiv sunt \u00een jur de trei mor\u0163i pe zi, mai mult de 90% din cazuri sunt din cauza alcoolului, pedeaps\u0103 egal\u0103 cu cea a consumului de substan\u0163e\u201d, a mai afirmat tat\u0103l lui Vlad Pascu.<\/p>\n<p>\u00centrebat cum s-a schimbat Vlad \u00een aceast\u0103 perioad\u0103, Mihai Pascu a r\u0103spuns: \u201dE mult mai matur. La 19 ani&#8230;, noi locuim \u00een Olanda, \u00een Olanda sau \u00een Germania, devii r\u0103spunz\u0103tor ca \u015fi major la 21 de ani. \u015ei \u00een penitenciare tu e\u015fti considerat minor dac\u0103 nu ai 21 de ani. La 19 ani nu e\u015fti copt. Faptul c\u0103 a luat ni\u015fte decizii ale unui copil nu le putem aduce ca \u015fi ..g\u00e2ndirea este un pic mai slab\u0103, sunt nepreg\u0103ti\u0163i pentru via\u0163\u0103\u201d.<\/p>\n<p>Reamintim c\u0103 Vlad Pascu a fost condamnat, \u00een 31 ianuarie 2025, de Judec\u0103toria Mangalia la 10 ani de \u00eenchisoare, pentru ucidere din culp\u0103, v\u0103t\u0103mare corporal\u0103 din culp\u0103, conducerea unui vehicul sub influen\u0163a alcoolului, p\u0103r\u0103sirea locului accidentului. Hot\u0103r\u00e2rea nu este definitiv\u0103 \u015fi a fost atacat\u0103 la instan\u0163a superioar\u0103.<\/p>","protected":false},"excerpt":{"rendered":"<p>\u201dS-a solicitat un termen de judecat\u0103 din partea avoca\u0163ilor inculpatului, s-au depus motive noi de&hellip;<\/p>\n","protected":false},"author":0,"featured_media":46149,"comment_status":"open","ping_status":"open","sticky":false,"template":"","format":"standard","meta":{"footnotes":""},"categories":[2],"tags":[],"class_list":["post-46148","post","type-post","status-publish","format-standard","has-post-thumbnail","hentry","category-actual"],"_links":{"self":[{"href":"https:\/\/247stiri.ro\/index.php\/wp-json\/wp\/v2\/posts\/46148","targetHints":{"allow":["GET"]}}],"collection":[{"href":"https:\/\/247stiri.ro\/index.php\/wp-json\/wp\/v2\/posts"}],"about":[{"href":"https:\/\/247stiri.ro\/index.php\/wp-json\/wp\/v2\/types\/post"}],"replies":[{"embeddable":true,"href":"https:\/\/247stiri.ro\/index.php\/wp-json\/wp\/v2\/comments?post=46148"}],"version-history":[{"count":0,"href":"https:\/\/247stiri.ro\/index.php\/wp-json\/wp\/v2\/posts\/46148\/revisions"}],"wp:featuredmedia":[{"embeddable":true,"href":"https:\/\/247stiri.ro\/index.php\/wp-json\/wp\/v2\/media\/46149"}],"wp:attachment":[{"href":"https:\/\/247stiri.ro\/index.php\/wp-json\/wp\/v2\/media?parent=46148"}],"wp:term":[{"taxonomy":"category","embeddable":true,"href":"https:\/\/247stiri.ro\/index.php\/wp-json\/wp\/v2\/categories?post=46148"},{"taxonomy":"post_tag","embeddable":true,"href":"https:\/\/247stiri.ro\/index.php\/wp-json\/wp\/v2\/tags?post=46148"}],"curies":[{"name":"wp","href":"https:\/\/api.w.org\/{rel}","templated":true}]}}