{"id":46157,"date":"2025-04-09T13:45:09","date_gmt":"2025-04-09T13:45:09","guid":{"rendered":"https:\/\/247stiri.ro\/index.php\/2025\/04\/09\/forte-proaspete-la-baza-kogalniceanu-ministrul-apararii-nationale-si-ambasadorul-italiei-prezenti-la-ceremonie\/"},"modified":"2025-04-09T13:45:09","modified_gmt":"2025-04-09T13:45:09","slug":"forte-proaspete-la-baza-kogalniceanu-ministrul-apararii-nationale-si-ambasadorul-italiei-prezenti-la-ceremonie","status":"publish","type":"post","link":"https:\/\/247stiri.ro\/index.php\/2025\/04\/09\/forte-proaspete-la-baza-kogalniceanu-ministrul-apararii-nationale-si-ambasadorul-italiei-prezenti-la-ceremonie\/","title":{"rendered":"For\u021be proaspete la Baza Kog\u0103lniceanu. Ministrul Ap\u0103r\u0103rii Na\u021bionale \u0219i ambasadorul Italiei, prezen\u021bi la ceremonie"},"content":{"rendered":"<p>Ceremonia marcheaz\u0103 \u00eenceputul unei noi rota\u021bii \u00een cadrul contribu\u021biei Italiei la securitatea spa\u021biului aerian aliat, a informat MApN.Potrivit unui comunicat al MApN, Angel T\u00eelv\u0103r a eviden\u021biat c\u0103 este pentru a \u0219asea oar\u0103 c\u00e2nd For\u021bele Aeriene Italiene desf\u0103\u0219oar\u0103 o astfel de misiune \u00een Rom\u00e2nia, confirm\u00e2nd angajamentul \u201dferm\u201d fa\u021b\u0103 de ap\u0103rarea colectiv\u0103 \u0219i solidaritatea \u00eentre statele membre ale Alian\u021bei Nord-Atlantice.\u201dPrezen\u021ba For\u021belor Aeriene Italiene \u00een Rom\u00e2nia este o demonstra\u021bie clar\u0103 a voin\u021bei colective a partenerilor NATO de a lucra \u00eempreun\u0103 sub umbrela celei mai mari alian\u021be de ap\u0103rare din istoria omenirii. Este, de asemenea, o dovad\u0103 solid\u0103 a angajamentului constant al Italiei \u00een ultimii ani fa\u021b\u0103 de securitatea regiunii noastre \u0219i a \u00eentregii Alian\u021be\u201d, a men\u021bionat ministrul rom\u00e2n.<\/p>\n<p><a title=\"VIDEO. Miscari de trupe americane azi, la baza Mihail Kogalniceanu. Evenimentul care aduce informatii despre prezenta armatei SUA in Romania\" href=\"https:\/\/www.realitatea.net\/stiri\/actual\/video-miscari-de-trupe-americane-azi-la-baza-mihail-kogalniceanu-evenimentul-care-aduce-informatii-despre-prezenta-armatei-americane-in-romania_67e43c942cebc7651a5cb2da\">VIDEO. Mi\u0219c\u0103ri de trupe americane azi, la baza Mihail Kog\u0103lniceanu. Evenimentul care aduce informa\u021bii despre prezen\u021ba armatei SUA \u00een Rom\u00e2nia<\/a>La ceremonie au participat reprezentan\u021bi ai conducerii Ministerului Ap\u0103r\u0103rii Na\u021bionale, ai Ambasadei Italiei la Bucure\u0219ti, ai Centrului NATO de Opera\u021bii Aeriene (CAOC) Torrejon, precum \u0219i ai Statului Major al For\u021belor Aeriene Rom\u00e2ne.\u201dProfit de aceast\u0103 oportunitate pentru a saluta desf\u0103\u0219urarea continu\u0103 a deta\u0219amentelor For\u021belor Aeriene Italiene, fiind una dintre numeroasele ini\u021biative pe care alia\u021bii NATO le pun \u00een aplicare pentru a \u00eent\u0103ri ap\u0103rarea \u00een regiune, pe m\u0103sur\u0103 ce Rusia \u00ee\u0219i continu\u0103 agresiunea militar\u0103 \u00een Ucraina\u201d, a precizat Angel T\u00eelv\u0103r, citat de Agerpres.Deta\u0219amentul italian este alc\u0103tuit din aproximativ 180 de militari &#8211; pilo\u021bi \u0219i personal tehnic &#8211; \u0219i \u0219ase aeronave Eurofighter. Timp de patru luni, ace\u0219tia vor ac\u021biona \u00eempreun\u0103 cu For\u021bele Aeriene Rom\u00e2ne pentru protejarea spa\u021biului aerian al NATO, printr-o misiune de supraveghere \u0219i reac\u021bie rapid\u0103.Cooperarea dintre cele dou\u0103 for\u021be aeriene contribuie &#8216;semnificativ&#8217; la consolidarea capacit\u0103\u021bii de descurajare a NATO \u0219i la \u00eent\u0103rirea interoperabilit\u0103\u021bii \u00eentre alia\u021bi, a subliniat MApN.\u00a0<\/p>\n<p><a title=\"MApN, raspuns oficial in scandalul unei posibile retrageri a militarilor americani\" href=\"https:\/\/www.realitatea.net\/stiri\/actual\/mapn-raspuns-oficial-in-scandalul-unei-posibile-retrageri-a-militarilor-americani_67f554b7e8729715801d5feb\">MApN, r\u0103spuns oficial \u00een scandalul unei posibile retrageri a militarilor americani<\/a><\/p>","protected":false},"excerpt":{"rendered":"<p>Ceremonia marcheaz\u0103 \u00eenceputul unei noi rota\u021bii \u00een cadrul contribu\u021biei Italiei la securitatea spa\u021biului aerian aliat,&hellip;<\/p>\n","protected":false},"author":0,"featured_media":46158,"comment_status":"open","ping_status":"open","sticky":false,"template":"","format":"standard","meta":{"footnotes":""},"categories":[2],"tags":[],"class_list":["post-46157","post","type-post","status-publish","format-standard","has-post-thumbnail","hentry","category-actual"],"_links":{"self":[{"href":"https:\/\/247stiri.ro\/index.php\/wp-json\/wp\/v2\/posts\/46157","targetHints":{"allow":["GET"]}}],"collection":[{"href":"https:\/\/247stiri.ro\/index.php\/wp-json\/wp\/v2\/posts"}],"about":[{"href":"https:\/\/247stiri.ro\/index.php\/wp-json\/wp\/v2\/types\/post"}],"replies":[{"embeddable":true,"href":"https:\/\/247stiri.ro\/index.php\/wp-json\/wp\/v2\/comments?post=46157"}],"version-history":[{"count":0,"href":"https:\/\/247stiri.ro\/index.php\/wp-json\/wp\/v2\/posts\/46157\/revisions"}],"wp:featuredmedia":[{"embeddable":true,"href":"https:\/\/247stiri.ro\/index.php\/wp-json\/wp\/v2\/media\/46158"}],"wp:attachment":[{"href":"https:\/\/247stiri.ro\/index.php\/wp-json\/wp\/v2\/media?parent=46157"}],"wp:term":[{"taxonomy":"category","embeddable":true,"href":"https:\/\/247stiri.ro\/index.php\/wp-json\/wp\/v2\/categories?post=46157"},{"taxonomy":"post_tag","embeddable":true,"href":"https:\/\/247stiri.ro\/index.php\/wp-json\/wp\/v2\/tags?post=46157"}],"curies":[{"name":"wp","href":"https:\/\/api.w.org\/{rel}","templated":true}]}}