{"id":46161,"date":"2025-04-09T13:45:11","date_gmt":"2025-04-09T13:45:11","guid":{"rendered":"https:\/\/247stiri.ro\/index.php\/2025\/04\/09\/comisarul-general-al-garzii-nationale-de-mediu-daca-ar-fi-existat-registrul-spatiilor-verzi-din-bucuresti-ar-fi-putut-salva-situatia-critica-din-parcul-ior\/"},"modified":"2025-04-09T13:45:11","modified_gmt":"2025-04-09T13:45:11","slug":"comisarul-general-al-garzii-nationale-de-mediu-daca-ar-fi-existat-registrul-spatiilor-verzi-din-bucuresti-ar-fi-putut-salva-situatia-critica-din-parcul-ior","status":"publish","type":"post","link":"https:\/\/247stiri.ro\/index.php\/2025\/04\/09\/comisarul-general-al-garzii-nationale-de-mediu-daca-ar-fi-existat-registrul-spatiilor-verzi-din-bucuresti-ar-fi-putut-salva-situatia-critica-din-parcul-ior\/","title":{"rendered":"Comisarul general al G\u0103rzii Na\u0163ionale de Mediu: Dac\u0103 ar fi existat Registrul spa\u0163iilor verzi din Bucure\u015fti, ar fi putut salva situa\u0163ia critic\u0103 din Parcul IOR"},"content":{"rendered":"<p>Andrei Corlan a fost prezent \u00een Comisia de mediu \u015fi echilibru ecologic din Camera Deputa\u0163ilor \u015fi a discutat despre statutul juridic al spa\u0163iilor verzi din Rom\u00e2nia.<\/p>\n<p>El a explicat de ce este important\u0103 \u00eenregistrarea spa\u0163iilor verzi din Bucure\u015fti.\u00a0<\/p>\n<p>\u201dDe ce este important\u0103 auditarea \u015fi \u00eenregistrarea spa\u0163iilor verzi din Bucure\u015fti? Explic\u0103m pe \u00een\u0163elesul tuturor. Bucure\u015ftenii au nevoie de un audit al spa\u0163iilor verzi, iar prim\u0103ria este obligat\u0103, prin lege, s\u0103 \u00eel efectueze. Auditul \u00ee\u0163i spune clar unde sunt spa\u0163iile verzi \u015fi care este suprafa\u0163a acestora. Pentru c\u0103 nu exist\u0103 aceast\u0103 contabilizare, Prim\u0103ria nu respect\u0103 legea, dar mai mult dec\u00e2t at\u00e2t, nu vine \u00een fa\u0163a Consiliului cu o strategie care, fie conserv\u0103 spa\u0163iile existente, fie dezvolt\u0103 spa\u0163ii verzi noi pentru a ajunge la 26 de mp\/pe cap de locuitor cum cere legea\u201d, a explicat Andrei Corlan.<\/p>\n<p>El a ad\u0103ugat c\u0103 \u201deste bine ca cet\u0103\u0163enii Capitalei s\u0103 fie informa\u0163i, \u00een mod corect \u015fi transparent, de acest blocaj \u015fi lips\u0103 de ac\u0163iuni concrete din partea Prim\u0103riei \u00een gestionarea spa\u0163iilor verzi\u201d.\u00a0<\/p>\n<p>Comisarul general al G\u0103rzii Na\u0163ionale de Mediu a mai afirmat c\u0103 Prim\u0103ria Capitalei a fost amendat\u0103 cu 375.000 de lei \u00een ultimii patru ani pentru c\u0103 nu a ini\u0163iat nicio ac\u0163iune din cele cerute de lege, pe tematica spa\u0163iilor verzi.\u00a0Andrei Corlan sus\u0163ine c\u0103 situa\u0163ia Parcului IOR ar fi fost alta dac\u0103 Registrul spa\u0163iilor verzi ar fi existat.\u00a0<\/p>\n<p>\u201dDac\u0103 ar fi existat Registrul Spa\u0163iilor verzi, atunci ar fi fost elaborat\u0103 o strategie care, realizat\u0103 la timp, ar fi pre\u00eent\u00e2mpinat situa\u0163ia actual\u0103 din Parcul IOR. Din nefericire nici auditul, nici registrul \u015fi pe cale de consecin\u0163\u0103 nici strategia nu exist\u0103. (&#8230;) Situa\u0163ia actual\u0103, care prive\u015fte inclusiv Parcul IOR, dar multe alte zone verzi din Capital\u0103 are la baz\u0103 un mix de cauze, \u00eentre care lipsa de ac\u0163iune concret\u0103 din partea Prim\u0103riei pe de o parte \u015fi limitele cadrului legislativ pe de cealalt\u0103 parte. \u00cen absen\u0163a unei ac\u0163iuni concrete ne putem trezi cu probleme similare \u015fi \u00een alte parcuri din Capital\u0103, cum este Parcul Izvor spre exemplu\u201d, a concluzionat Comisarul General al GNM.<\/p>\n<p>El a mai precizat c\u0103 \u00een lipsa registrului spa\u0163iilor verzi, \u00a0Prim\u0103ria Capitalei nu vine \u00een fa\u0163a Consiliului cu o strategie clar\u0103, nici de dezvoltare, nici de conservare a spa\u0163iilor verzi pentru simplul fapt c\u0103 nu are datele necesare, nu este \u00eendeplinit\u0103 obliga\u0163ia legal\u0103 de a asigura un minim de 26 mp\/ pe cap de locuitor, nu exist\u0103 un plan credibil de reducere a polu\u0103rii, de cre\u015ftere a calit\u0103\u0163ii aerului, iar situa\u0163ia din Parcul IOR, unde exist\u0103 construc\u0163ii, defri\u015f\u0103ri risc\u0103 s\u0103 se repete \u015fi \u00een alte parcuri din Capital\u0103.<\/p>\n<p>\u00a0<\/p>","protected":false},"excerpt":{"rendered":"<p>Andrei Corlan a fost prezent \u00een Comisia de mediu \u015fi echilibru ecologic din Camera Deputa\u0163ilor&hellip;<\/p>\n","protected":false},"author":0,"featured_media":46162,"comment_status":"open","ping_status":"open","sticky":false,"template":"","format":"standard","meta":{"footnotes":""},"categories":[2],"tags":[],"class_list":["post-46161","post","type-post","status-publish","format-standard","has-post-thumbnail","hentry","category-actual"],"_links":{"self":[{"href":"https:\/\/247stiri.ro\/index.php\/wp-json\/wp\/v2\/posts\/46161","targetHints":{"allow":["GET"]}}],"collection":[{"href":"https:\/\/247stiri.ro\/index.php\/wp-json\/wp\/v2\/posts"}],"about":[{"href":"https:\/\/247stiri.ro\/index.php\/wp-json\/wp\/v2\/types\/post"}],"replies":[{"embeddable":true,"href":"https:\/\/247stiri.ro\/index.php\/wp-json\/wp\/v2\/comments?post=46161"}],"version-history":[{"count":0,"href":"https:\/\/247stiri.ro\/index.php\/wp-json\/wp\/v2\/posts\/46161\/revisions"}],"wp:featuredmedia":[{"embeddable":true,"href":"https:\/\/247stiri.ro\/index.php\/wp-json\/wp\/v2\/media\/46162"}],"wp:attachment":[{"href":"https:\/\/247stiri.ro\/index.php\/wp-json\/wp\/v2\/media?parent=46161"}],"wp:term":[{"taxonomy":"category","embeddable":true,"href":"https:\/\/247stiri.ro\/index.php\/wp-json\/wp\/v2\/categories?post=46161"},{"taxonomy":"post_tag","embeddable":true,"href":"https:\/\/247stiri.ro\/index.php\/wp-json\/wp\/v2\/tags?post=46161"}],"curies":[{"name":"wp","href":"https:\/\/api.w.org\/{rel}","templated":true}]}}