{"id":46173,"date":"2025-04-09T14:44:54","date_gmt":"2025-04-09T14:44:54","guid":{"rendered":"https:\/\/247stiri.ro\/index.php\/2025\/04\/09\/sprijin-financiar-de-pana-la-200-de-euro-pentru-tineri-programul-euro-200-continua-si-in-2025-calculator-nou-pentru-elevi\/"},"modified":"2025-04-09T14:44:54","modified_gmt":"2025-04-09T14:44:54","slug":"sprijin-financiar-de-pana-la-200-de-euro-pentru-tineri-programul-euro-200-continua-si-in-2025-calculator-nou-pentru-elevi","status":"publish","type":"post","link":"https:\/\/247stiri.ro\/index.php\/2025\/04\/09\/sprijin-financiar-de-pana-la-200-de-euro-pentru-tineri-programul-euro-200-continua-si-in-2025-calculator-nou-pentru-elevi\/","title":{"rendered":"Sprijin financiar de p\u00e2n\u0103 la 200 de euro pentru tineri: programul \u201eEuro 200\u201d continu\u0103 \u0219i \u00een 2025. Calculator nou pentru elevi"},"content":{"rendered":"<p>\u00a0Programul, derulat anual \u00eenc\u0103 din 2004, are ca scop sprijinirea tinerilor din familii cu venituri reduse, facilit\u00e2nd accesul acestora la tehnologie \u0219i dezvoltarea competen\u021belor digitale.<\/p>\n<p>Cine poate beneficia de acest ajutor<\/p>\n<p><a href=\"https:\/\/www.realitatea.net\/stiri\/actual\/bani-pentru-elevi-de-la-stat-cine-ar-urma-sa-primeasca-300-de-lei-si-in-ce-conditii_67f6270743a2bc68ba68bc63\" target=\"_blank\">Ajutorul financiar,<\/a> \u00een valoare de p\u00e2n\u0103 la 200 de euro, este destinat elevilor \u0219i studen\u021bilor cu v\u00e2rsta de cel mult 26 de ani, \u00eenscri\u0219i \u00eentr-o form\u0103 de \u00eenv\u0103\u021b\u0103m\u00e2nt de stat sau particular acreditat. Un criteriu esen\u021bial este ca venitul brut lunar pe membru de familie s\u0103 nu dep\u0103\u0219easc\u0103 500 de lei.<\/p>\n<p>Calendarul \u00eenscrierii<\/p>\n<p>Tinerii interesa\u021bi s\u0103 ob\u021bin\u0103 sprijinul trebuie s\u0103 preg\u0103teasc\u0103 un dosar care s\u0103 con\u021bin\u0103 cererea de \u00eenscriere \u0219i documentele justificative privind veniturile \u0219i statutul educa\u021bional. Depunerea dosarelor \u00eencepe pe 16 mai 2025, iar lista preliminar\u0103 a beneficiarilor va fi publicat\u0103 pe 27 iunie. Dup\u0103 perioada dedicat\u0103 contesta\u021biilor, lista final\u0103 va fi afi\u0219at\u0103 pe 25 iulie 2025.<\/p>\n<p>Ce tip de calculator poate fi achizi\u021bionat<\/p>\n<p>Pentru a fi eligibil \u00een cadrul programului, calculatorul trebuie s\u0103 respecte anumite specifica\u021bii tehnice minime. Acestea sunt stabilite astfel \u00eenc\u00e2t s\u0103 asigure func\u021bionalitatea dispozitivului \u00een activit\u0103\u021bile educa\u021bionale:<\/p>\n<p>Configura\u021bie minim\u0103 pentru PC:<\/p>\n<p>\u00a0 \u00a0 Procesor de minimum 3.0 GHz<\/p>\n<p>\u00a0 \u00a0 HDD de minimum 500 GB sau SSD de cel pu\u021bin 240 GB<\/p>\n<p>\u00a0 \u00a0 Memorie RAM DDR3\/DDR4 de minimum 8 GB<\/p>\n<p>\u00a0 \u00a0 Monitor LCD\/LED de cel pu\u021bin 18.5&#8243; cu rezolu\u021bie 1920 x 1080<\/p>\n<p>\u00a0 \u00a0 Tastatur\u0103, mouse optic, camer\u0103 web incluse<\/p>\n<p>Configura\u021bie minim\u0103 pentru laptop\/notebook:<\/p>\n<p>\u00a0 \u00a0 Procesor cu minimum 2 nuclee<\/p>\n<p>\u00a0 \u00a0 Memorie RAM DDR3\/DDR4 de cel pu\u021bin 8 GB<\/p>\n<p>\u00a0 \u00a0 HDD de minimum 500 GB sau SSD de cel pu\u021bin 240 GB<\/p>\n<p>\u00a0 \u00a0 Ecran de minimum 14&#8243; cu rezolu\u021bie 1366 x 768<\/p>\n<p>\u00a0 \u00a0 Camer\u0103 web integrat\u0103<\/p>\n<p>Prin programul \u201eEuro 200\u201d, autorit\u0103\u021bile \u00eencearc\u0103 s\u0103 reduc\u0103 decalajul digital \u0219i s\u0103 ofere \u0219anse egale tuturor elevilor \u0219i studen\u021bilor \u00een procesul de \u00eenv\u0103\u021bare. Achizi\u021bia unui calculator performant devine astfel accesibil\u0103 \u0219i pentru cei care nu dispun de resurse financiare suficiente.<\/p>\n<p>Pentru mai multe informa\u021bii despre pa\u0219ii necesari pentru \u00eenscriere, condi\u021biile complete \u0219i ghidul de completare a dosarului, elevii \u0219i studen\u021bii sunt \u00eencuraja\u021bi <a href=\"https:\/\/www.realitatea.net\/stiri\/actual\/cate-zile-libere-se-dau-de-paste-in-2025-angajatii-se-bucura-de-o-minivacanta-iar-elevii-de-o-vacanta-de-10-zile_67f583b3d281d177fa495ae3\" target=\"_blank\">s\u0103 consulte site-ul Ministerului Educa\u021biei<\/a> sau s\u0103 se adreseze unit\u0103\u021bii de \u00eenv\u0103\u021b\u0103m\u00e2nt la care sunt \u00eenscri\u0219i.<\/p>","protected":false},"excerpt":{"rendered":"<p>\u00a0Programul, derulat anual \u00eenc\u0103 din 2004, are ca scop sprijinirea tinerilor din familii cu venituri&hellip;<\/p>\n","protected":false},"author":0,"featured_media":46174,"comment_status":"open","ping_status":"open","sticky":false,"template":"","format":"standard","meta":{"footnotes":""},"categories":[2],"tags":[],"class_list":["post-46173","post","type-post","status-publish","format-standard","has-post-thumbnail","hentry","category-actual"],"_links":{"self":[{"href":"https:\/\/247stiri.ro\/index.php\/wp-json\/wp\/v2\/posts\/46173","targetHints":{"allow":["GET"]}}],"collection":[{"href":"https:\/\/247stiri.ro\/index.php\/wp-json\/wp\/v2\/posts"}],"about":[{"href":"https:\/\/247stiri.ro\/index.php\/wp-json\/wp\/v2\/types\/post"}],"replies":[{"embeddable":true,"href":"https:\/\/247stiri.ro\/index.php\/wp-json\/wp\/v2\/comments?post=46173"}],"version-history":[{"count":0,"href":"https:\/\/247stiri.ro\/index.php\/wp-json\/wp\/v2\/posts\/46173\/revisions"}],"wp:featuredmedia":[{"embeddable":true,"href":"https:\/\/247stiri.ro\/index.php\/wp-json\/wp\/v2\/media\/46174"}],"wp:attachment":[{"href":"https:\/\/247stiri.ro\/index.php\/wp-json\/wp\/v2\/media?parent=46173"}],"wp:term":[{"taxonomy":"category","embeddable":true,"href":"https:\/\/247stiri.ro\/index.php\/wp-json\/wp\/v2\/categories?post=46173"},{"taxonomy":"post_tag","embeddable":true,"href":"https:\/\/247stiri.ro\/index.php\/wp-json\/wp\/v2\/tags?post=46173"}],"curies":[{"name":"wp","href":"https:\/\/api.w.org\/{rel}","templated":true}]}}