{"id":46176,"date":"2025-04-09T14:44:55","date_gmt":"2025-04-09T14:44:55","guid":{"rendered":"https:\/\/247stiri.ro\/index.php\/2025\/04\/09\/accident-stupid-in-suceava-o-soferita-a-intrat-cu-masina-intr-un-cabinet-stomatologic\/"},"modified":"2025-04-09T14:44:55","modified_gmt":"2025-04-09T14:44:55","slug":"accident-stupid-in-suceava-o-soferita-a-intrat-cu-masina-intr-un-cabinet-stomatologic","status":"publish","type":"post","link":"https:\/\/247stiri.ro\/index.php\/2025\/04\/09\/accident-stupid-in-suceava-o-soferita-a-intrat-cu-masina-intr-un-cabinet-stomatologic\/","title":{"rendered":"Accident stupid \u00een Suceava: o \u0219oferi\u021b\u0103 a intrat cu ma\u0219ina \u00eentr-un cabinet stomatologic"},"content":{"rendered":"<p><a href=\"https:\/\/www.realitatea.net\/stiri\/extern\/accident-spectaculos-pe-o-autostrada-din-germania-un-sofer-de-83-de-ani-a-distrus-un-lamborghini-de-200000-de-euro-dar-a-scapat-teafar_67f54d824154c743d74426fb\" target=\"_blank\">Momentul impactului<\/a> a fost surprins de o camer\u0103 de bord aflat\u0103 \u00een trafic.<\/p>\n<p>Potrivit imaginilor, \u0219oferi\u021ba efectuase o manevr\u0103 de viraj la dreapta de pe drumul principal, \u00eens\u0103 imediat dup\u0103 aceasta, a pierdut controlul direc\u021biei. Ma\u0219ina a urcat pe trotuar \u0219i a lovit violent u\u0219a de acces a clinicii dentare. Din fericire, nicio persoan\u0103 nu a fost r\u0103nit\u0103 \u00een urma impactului.<\/p>\n<p>La fa\u021ba locului au intervenit poli\u021bi\u0219tii rutieri, care au testat conduc\u0103toarea auto cu aparatul etilotest. Rezultatul a indicat absen\u021ba alcoolului \u00een aerul expirat.<\/p>\n<p>Pagube materiale, dar f\u0103r\u0103 urm\u0103ri grave<\/p>\n<p><a href=\"https:\/\/www.realitatea.net\/stiri\/actual\/sedinta-foto-in-urma-unui-accident-rutier-doua-soferite-au-transformat-momentul-intro-sesiune-foto-pana-la-sosirea-oamenilor-legii_67f52ef6e8c55662496c149d\" target=\"_blank\">De\u0219i impactul a fost puternic,<\/a> iar u\u0219a cabinetului a fost distrus\u0103, \u0219oferi\u021ba a sc\u0103pat f\u0103r\u0103 leziuni. Autorit\u0103\u021bile au confirmat c\u0103 pagubele produse vor fi acoperite prin poli\u021ba de asigurare a vehiculului.<\/p>\n<p>\u00a0Poli\u021bia reaminte\u0219te \u0219oferilor c\u0103 neaten\u021bia, chiar \u0219i pentru o frac\u021biune de secund\u0103, poate avea consecin\u021be serioase.\u00a0<\/p>","protected":false},"excerpt":{"rendered":"<p>Momentul impactului a fost surprins de o camer\u0103 de bord aflat\u0103 \u00een trafic. Potrivit imaginilor,&hellip;<\/p>\n","protected":false},"author":0,"featured_media":46177,"comment_status":"open","ping_status":"open","sticky":false,"template":"","format":"standard","meta":{"footnotes":""},"categories":[2],"tags":[],"class_list":["post-46176","post","type-post","status-publish","format-standard","has-post-thumbnail","hentry","category-actual"],"_links":{"self":[{"href":"https:\/\/247stiri.ro\/index.php\/wp-json\/wp\/v2\/posts\/46176","targetHints":{"allow":["GET"]}}],"collection":[{"href":"https:\/\/247stiri.ro\/index.php\/wp-json\/wp\/v2\/posts"}],"about":[{"href":"https:\/\/247stiri.ro\/index.php\/wp-json\/wp\/v2\/types\/post"}],"replies":[{"embeddable":true,"href":"https:\/\/247stiri.ro\/index.php\/wp-json\/wp\/v2\/comments?post=46176"}],"version-history":[{"count":0,"href":"https:\/\/247stiri.ro\/index.php\/wp-json\/wp\/v2\/posts\/46176\/revisions"}],"wp:featuredmedia":[{"embeddable":true,"href":"https:\/\/247stiri.ro\/index.php\/wp-json\/wp\/v2\/media\/46177"}],"wp:attachment":[{"href":"https:\/\/247stiri.ro\/index.php\/wp-json\/wp\/v2\/media?parent=46176"}],"wp:term":[{"taxonomy":"category","embeddable":true,"href":"https:\/\/247stiri.ro\/index.php\/wp-json\/wp\/v2\/categories?post=46176"},{"taxonomy":"post_tag","embeddable":true,"href":"https:\/\/247stiri.ro\/index.php\/wp-json\/wp\/v2\/tags?post=46176"}],"curies":[{"name":"wp","href":"https:\/\/api.w.org\/{rel}","templated":true}]}}