{"id":46190,"date":"2025-04-09T15:45:11","date_gmt":"2025-04-09T15:45:11","guid":{"rendered":"https:\/\/247stiri.ro\/index.php\/2025\/04\/09\/razboi-diplomatic-intre-romania-si-rusia-atasatul-militar-al-tarii-noastre-la-moscova-si-adjunctul-sau-declarati-persona-non-grata-ce-spune-mae\/"},"modified":"2025-04-09T15:45:11","modified_gmt":"2025-04-09T15:45:11","slug":"razboi-diplomatic-intre-romania-si-rusia-atasatul-militar-al-tarii-noastre-la-moscova-si-adjunctul-sau-declarati-persona-non-grata-ce-spune-mae","status":"publish","type":"post","link":"https:\/\/247stiri.ro\/index.php\/2025\/04\/09\/razboi-diplomatic-intre-romania-si-rusia-atasatul-militar-al-tarii-noastre-la-moscova-si-adjunctul-sau-declarati-persona-non-grata-ce-spune-mae\/","title":{"rendered":"R\u0103zboi diplomatic \u00eentre Rom\u00e2nia \u0219i Rusia. Ata\u0219atul militar al \u021b\u0103rii noastre la Moscova \u0219i adjunctul s\u0103u, declara\u021bi \u201epersona non grata\u201d. Ce spune MAE"},"content":{"rendered":"<p>\u201d\u00cens\u0103rcinatul cu afaceri al Rom\u00e2niei \u00een Federa\u021bia Rus\u0103, Liliana Burda, a fost convocat\u0103 la Departamentul protocolului de stat al Ministerului de Externe al Rusiei\u201d, anun\u021base anterior agen\u021bia oficial\u0103 de pres\u0103 TASS, f\u0103r\u0103 s\u0103 men\u021bioneze motivul acestei convoc\u0103ri.Potrivit comunicatului MAE rus, este vorba de o m\u0103sur\u0103 de r\u0103spuns la o decizie \u201dnemotivat\u0103\u201d a p\u0103r\u021bii rom\u00e2ne de a-i declara &#8222;persona non grata&#8221; pe ata\u0219atul militar al Ambasadei Rusiei la Bucure\u0219ti \u0219i pe asistentul s\u0103u, scrie Agerpres.<\/p>\n<p>Ministerul Afacerilor Externe de la Bucure\u0219ti a anun\u021bat pe 5 martie c\u0103 \u00eei declar\u0103 \u201dpersona non grata\u201d \u00een Rom\u00e2nia pe ata\u0219atul militar al Ambasadei Federa\u021biei Ruse la Bucure\u0219ti, precum \u0219i pe adjunctul acestuia, urm\u00e2nd ca cei doi s\u0103 p\u0103r\u0103seasc\u0103 imediat Rom\u00e2nia.Conform datelor de pe pagina Ambasadei Rusiei la Bucure\u0219ti, cele dou\u0103 func\u021bii erau ocupate de Victor Makovski \u0219i Evgheni Ignatiev.<\/p>\n<p>R\u0103spunsul oficial MAE la decizia Kremlinului<\/p>\n<p>\u201eMinisterul Afacerilor Externe confirm\u0103 c\u0103 \u00eens\u0103rcinatul cu afaceri a.i. al Rom\u00e2niei la Moscova a fost convocat joi, 9 aprilie 2025, la MAE rus. \u00cen cadrul \u00eentrevederii, partea rus\u0103 a informat cu privire la decizia autorit\u0103\u021bilor ruse de a declara drept persona non grata doi membri ai personalului diplomatic al Ambasadei Rom\u00e2niei la Moscova.<\/p>\n<p>Aceast\u0103 m\u0103sur\u0103 a p\u0103r\u021bii ruse, ne\u00eentemeiat\u0103 \u00een raport cu prevederile Conven\u021biei de la Viena din 1961 privind rela\u021biile diplomatice, survine ca r\u0103spuns la decizia adoptat\u0103 de c\u0103tre autorit\u0103\u021bile rom\u00e2ne, la 5 martie 2025, privind declararea ca persona non grata pe teritoriul Rom\u00e2niei a ata\u0219atului militar, aero \u0219i naval al Federa\u021biei Ruse la Bucure\u0219ti, precum \u0219i a adjunctului acestuia.<\/p>\n<p>MAE reaminte\u0219te c\u0103 decizia autorit\u0103\u021bilor rom\u00e2ne a avut \u00een vedere desf\u0103\u0219urarea de c\u0103tre diploma\u021bii ru\u0219i respectivi de activit\u0103\u021bi care contravin prevederilor Conven\u021biei de la Viena din 1961 privind rela\u021biile diplomatice\u201d, anun\u021b\u0103 Ministerul Afacerilor Externe \u00een comunicat.<\/p>\n<p><a title=\"Alerta majora la Ambasada Rusiei din Bucuresti in noaptea de Revelion. Ambasadorul Vladimir Lipaev, transportat de urgenta la spital\" href=\"https:\/\/www.realitatea.net\/stiri\/actual\/alerta-majora-la-ambasada-rusiei-din-bucuresti-in-noaptea-de-revelion-ambasadorul-rusiei-a-ajuns-la-spital_6774e8eecaf8d159570a6762\">Alert\u0103 major\u0103 la Ambasada Rusiei din Bucure\u0219ti \u00een noaptea de Revelion. Ambasadorul Vladimir Lipaev, transportat de urgen\u021b\u0103 la spital<\/a><\/p>\n<p>\u00a0<\/p>","protected":false},"excerpt":{"rendered":"<p>\u201d\u00cens\u0103rcinatul cu afaceri al Rom\u00e2niei \u00een Federa\u021bia Rus\u0103, Liliana Burda, a fost convocat\u0103 la Departamentul&hellip;<\/p>\n","protected":false},"author":0,"featured_media":46183,"comment_status":"open","ping_status":"open","sticky":false,"template":"","format":"standard","meta":{"footnotes":""},"categories":[2],"tags":[],"class_list":["post-46190","post","type-post","status-publish","format-standard","has-post-thumbnail","hentry","category-actual"],"_links":{"self":[{"href":"https:\/\/247stiri.ro\/index.php\/wp-json\/wp\/v2\/posts\/46190","targetHints":{"allow":["GET"]}}],"collection":[{"href":"https:\/\/247stiri.ro\/index.php\/wp-json\/wp\/v2\/posts"}],"about":[{"href":"https:\/\/247stiri.ro\/index.php\/wp-json\/wp\/v2\/types\/post"}],"replies":[{"embeddable":true,"href":"https:\/\/247stiri.ro\/index.php\/wp-json\/wp\/v2\/comments?post=46190"}],"version-history":[{"count":0,"href":"https:\/\/247stiri.ro\/index.php\/wp-json\/wp\/v2\/posts\/46190\/revisions"}],"wp:featuredmedia":[{"embeddable":true,"href":"https:\/\/247stiri.ro\/index.php\/wp-json\/wp\/v2\/media\/46183"}],"wp:attachment":[{"href":"https:\/\/247stiri.ro\/index.php\/wp-json\/wp\/v2\/media?parent=46190"}],"wp:term":[{"taxonomy":"category","embeddable":true,"href":"https:\/\/247stiri.ro\/index.php\/wp-json\/wp\/v2\/categories?post=46190"},{"taxonomy":"post_tag","embeddable":true,"href":"https:\/\/247stiri.ro\/index.php\/wp-json\/wp\/v2\/tags?post=46190"}],"curies":[{"name":"wp","href":"https:\/\/api.w.org\/{rel}","templated":true}]}}