{"id":46198,"date":"2025-04-09T16:45:13","date_gmt":"2025-04-09T16:45:13","guid":{"rendered":"https:\/\/247stiri.ro\/index.php\/2025\/04\/09\/fiica-omului-de-afaceri-aradean-ucis-in-urma-exploziei-masinii-sale-revine-in-arest-preventiv\/"},"modified":"2025-04-09T16:45:13","modified_gmt":"2025-04-09T16:45:13","slug":"fiica-omului-de-afaceri-aradean-ucis-in-urma-exploziei-masinii-sale-revine-in-arest-preventiv","status":"publish","type":"post","link":"https:\/\/247stiri.ro\/index.php\/2025\/04\/09\/fiica-omului-de-afaceri-aradean-ucis-in-urma-exploziei-masinii-sale-revine-in-arest-preventiv\/","title":{"rendered":"Fiica omului de afaceri ar\u0103dean ucis \u00een urm\u0103 exploziei ma\u0219inii sale revine \u00een arest preventiv"},"content":{"rendered":"<p>Miercuri, 9 aprilie, judec\u0103torii \u00cenaltei Cur\u0163i de Casa\u0163ie \u015fi Justi\u0163ie au admis contesta\u0163ia formulat\u0103 de Parchetul de pe l\u00e2ng\u0103 Curtea de Apel Timi\u015foara \u00eempotriva \u00eencheierii penale din \u015fedin\u0163a de camer\u0103 de consiliu, din 1 aprilie 2025, a Cur\u0163ii de Apel Timi\u015foara \u2013 Sec\u0163ia Penal\u0103, \u00een dosarul privind-o pe Laura Oana Dronca (fost\u0103 B\u00eelcea).\u201eDesfiin\u0163eaz\u0103, \u00een parte, \u00eencheierea atacat\u0103 \u015fi, rejudec\u00e2nd, \u00eenl\u0103tur\u0103 dispozi\u0163iile articolului 348 din Codul de procedur\u0103 penal\u0103 raportat la articolul 207 cu referire la articolul 215 alineatele 1-5 din Codul de procedur\u0103 penal\u0103\u201d, se arat\u0103 \u00een solu\u0163ia pe scurt a instan\u0163ei supreme.<\/p>\n<p><a title=\"Fiica milionarului de la Arad ucis la comanda, eliberata din arest\" href=\"https:\/\/www.realitatea.net\/stiri\/actual\/fiica-milionarului-de-la-arad-ucis-la-comanda-eliberata-din-arest_67b96935fcee6c799f7a1616\">Fiica milionarului de la Arad ucis la comand\u0103, eliberat\u0103 din arest<\/a>Judec\u0103torii ICCJ au mai admis sesizarea Inspectoratului de Poli\u0163ie Jude\u0163ean Arad de \u00eenlocuire a m\u0103surii controlului judiciar cu m\u0103sura arestului preventiv \u00een cazul inculpatei Dronca (fost\u0103 B\u00eelcea) Laura Oana.<\/p>\n<p><a href=\"https:\/\/www.realitatea.net\/stiri\/actual\/cum-a-motivat-instanta-suprema-decizia-de-arestarea-fiicei-omului-de-afaceri-din-arad-ucis-in-explozia-masinii-sale-si-a-celor-2-presupusi-complici_6735b8f0e48cd20455333112\" target=\"_blank\">Motivarea Instan\u021bei Supreme \u00een arestarea fiicei omului de afaceri din ARAD ucis \u00een explozia ma\u0219inii sale \u0219i a celor 2 presupu\u0219i complici<\/a><\/p>","protected":false},"excerpt":{"rendered":"<p>Miercuri, 9 aprilie, judec\u0103torii \u00cenaltei Cur\u0163i de Casa\u0163ie \u015fi Justi\u0163ie au admis contesta\u0163ia formulat\u0103 de&hellip;<\/p>\n","protected":false},"author":0,"featured_media":46199,"comment_status":"open","ping_status":"open","sticky":false,"template":"","format":"standard","meta":{"footnotes":""},"categories":[2],"tags":[],"class_list":["post-46198","post","type-post","status-publish","format-standard","has-post-thumbnail","hentry","category-actual"],"_links":{"self":[{"href":"https:\/\/247stiri.ro\/index.php\/wp-json\/wp\/v2\/posts\/46198","targetHints":{"allow":["GET"]}}],"collection":[{"href":"https:\/\/247stiri.ro\/index.php\/wp-json\/wp\/v2\/posts"}],"about":[{"href":"https:\/\/247stiri.ro\/index.php\/wp-json\/wp\/v2\/types\/post"}],"replies":[{"embeddable":true,"href":"https:\/\/247stiri.ro\/index.php\/wp-json\/wp\/v2\/comments?post=46198"}],"version-history":[{"count":0,"href":"https:\/\/247stiri.ro\/index.php\/wp-json\/wp\/v2\/posts\/46198\/revisions"}],"wp:featuredmedia":[{"embeddable":true,"href":"https:\/\/247stiri.ro\/index.php\/wp-json\/wp\/v2\/media\/46199"}],"wp:attachment":[{"href":"https:\/\/247stiri.ro\/index.php\/wp-json\/wp\/v2\/media?parent=46198"}],"wp:term":[{"taxonomy":"category","embeddable":true,"href":"https:\/\/247stiri.ro\/index.php\/wp-json\/wp\/v2\/categories?post=46198"},{"taxonomy":"post_tag","embeddable":true,"href":"https:\/\/247stiri.ro\/index.php\/wp-json\/wp\/v2\/tags?post=46198"}],"curies":[{"name":"wp","href":"https:\/\/api.w.org\/{rel}","templated":true}]}}