{"id":46206,"date":"2025-04-09T17:45:01","date_gmt":"2025-04-09T17:45:01","guid":{"rendered":"https:\/\/247stiri.ro\/index.php\/2025\/04\/09\/scandal-la-serviciul-pentru-actiuni-speciale-iasi-un-mascat-campion-la-arte-martiale-inculpat-pentru-ca-a-batut-un-barbat-incatusat-in-duba-politiei\/"},"modified":"2025-04-09T17:45:01","modified_gmt":"2025-04-09T17:45:01","slug":"scandal-la-serviciul-pentru-actiuni-speciale-iasi-un-mascat-campion-la-arte-martiale-inculpat-pentru-ca-a-batut-un-barbat-incatusat-in-duba-politiei","status":"publish","type":"post","link":"https:\/\/247stiri.ro\/index.php\/2025\/04\/09\/scandal-la-serviciul-pentru-actiuni-speciale-iasi-un-mascat-campion-la-arte-martiale-inculpat-pentru-ca-a-batut-un-barbat-incatusat-in-duba-politiei\/","title":{"rendered":"Scandal  la Serviciul pentru Ac\u021biuni Speciale Ia\u0219i! Un mascat, campion la arte mar\u021biale, inculpat pentru c\u0103 a b\u0103tut un b\u0103rbat \u00eenc\u0103tu\u0219at, \u00een duba poli\u021biei"},"content":{"rendered":"<p>Procurorii ie\u0219eni au f\u0103cut c\u00e2teva preciz\u0103ri \u00een acest caz, arat\u0103 sursa<a href=\"https:\/\/www.bzi.ro\/cutremur-in-serviciul-pentru-actiuni-speciale-iasi-daniel-david-un-campion-la-arte-martiale-inculpat-intr-un-dosar-de-purtare-abuziva-l-a-incatusat-si-batut-in-duba-politiei-pe-claudiu-petrovici-5228049\" target=\"_blank\"> citat\u0103.<\/a><\/p>\n<p>\u201ePrin rechizitoriul din data de 04.04.2025 al Parchetului de pe l\u00e2ng\u0103 Tribunalul Ia\u015fi s-a dispus trimiterea \u00een judecat\u0103 a inculpatului D.V.D., cercetat pentru s\u0103v\u00e2r\u015firea infrac\u0163iunii de purtare abuziv\u0103, prev. de art. 296 alin. 2 rap. la art. 193 alin.2 cu aplic. art.35 alin.1 din C.P. (dou\u0103 acte materiale).<\/p>\n<p>\u00cen fapt, la data de 22.08.2020, \u00een jurul orei 03:30, un echipaj de la Serviciul Ac\u021biuni Speciale, din cadrul I.P.J. Ia\u015fi, format din patru lucr\u0103tori de poli\u0163ie, printre care \u015fi inculpatul D.V.D., a fost solicitat s\u0103 intervin\u0103 pentru aplanarea unui scandal dintr-un club (&#8230;) din municipiul Ia\u0219i.<\/p>\n<p>\u00cen timpul interven\u0163iei cu privire la ter\u0163e persoane, lucr\u0103torii S.A.S. au fost \u00eempiedica\u0163i s\u0103-\u015fi desf\u0103\u015foare activitatea, de c\u0103tre persoana v\u0103t\u0103mat\u0103 P.D.C., motiv pentru care aceasta a fost imobilizat\u0103 la sol, \u00eenc\u0103tu\u0219at\u0103 \u015fi condus\u0103 la autospeciala de poli\u0163ie. Cu prilejul imobiliz\u0103rii, P.D.C. a opus rezisten\u0163\u0103 \u015fi i-a rupt emblema de pe uniform\u0103, inculpatului D.V.D.\u00cen timpul sta\u0163ion\u0103rii autospecialei \u00een apropierea clubului \u015fi apoi pe parcursul deplas\u0103rii c\u0103tre Sec\u0163ia 4 Poli\u0163ie Ia\u015fi, \u00een timp ce se afla \u00een interiorul autovehiculului, P.D.C. a fost lovit cu pumnul de c\u0103tre inculpatul D.V.D. \u00een zona fe\u0163ei\/capului \u015fi \u00een diferite p\u0103r\u0163i ale corpului (coaste, abdomen, spate).<\/p>\n<p>Pentru identificarea, prinderea autorului infrac\u0163iunii \u015fi administrarea mijloacelor de prob\u0103 Parchetul de pe l\u00e2ng\u0103 Tribunalul Ia\u015fi a beneficiat de sprijinul prompt al Inspectoratului de Poli\u0163ie Jude\u0163ean Ia\u015fi.<\/p>\n<p>Facem precizarea c\u0103 punerea \u00een mi\u015fcare a ac\u0163iunii penale sau luarea altor m\u0103suri procesuale, a\u015fa cum sunt acestea reglementate de Codul de procedur\u0103 penal\u0103, nu pot, \u00een nicio situa\u0163ie, s\u0103 \u00eenfr\u00e2ng\u0103 principiul prezum\u0163iei de nevinov\u0103\u0163ie\u201d, a precizat prim procurorul parchetului de pe l\u00e2ng\u0103 tribunalul Ia\u0219i, Elena M\u0103d\u0103lina\u00a0Pricop.<\/p>","protected":false},"excerpt":{"rendered":"<p>Procurorii ie\u0219eni au f\u0103cut c\u00e2teva preciz\u0103ri \u00een acest caz, arat\u0103 sursa citat\u0103. \u201ePrin rechizitoriul din&hellip;<\/p>\n","protected":false},"author":0,"featured_media":46207,"comment_status":"open","ping_status":"open","sticky":false,"template":"","format":"standard","meta":{"footnotes":""},"categories":[2],"tags":[],"class_list":["post-46206","post","type-post","status-publish","format-standard","has-post-thumbnail","hentry","category-actual"],"_links":{"self":[{"href":"https:\/\/247stiri.ro\/index.php\/wp-json\/wp\/v2\/posts\/46206","targetHints":{"allow":["GET"]}}],"collection":[{"href":"https:\/\/247stiri.ro\/index.php\/wp-json\/wp\/v2\/posts"}],"about":[{"href":"https:\/\/247stiri.ro\/index.php\/wp-json\/wp\/v2\/types\/post"}],"replies":[{"embeddable":true,"href":"https:\/\/247stiri.ro\/index.php\/wp-json\/wp\/v2\/comments?post=46206"}],"version-history":[{"count":0,"href":"https:\/\/247stiri.ro\/index.php\/wp-json\/wp\/v2\/posts\/46206\/revisions"}],"wp:featuredmedia":[{"embeddable":true,"href":"https:\/\/247stiri.ro\/index.php\/wp-json\/wp\/v2\/media\/46207"}],"wp:attachment":[{"href":"https:\/\/247stiri.ro\/index.php\/wp-json\/wp\/v2\/media?parent=46206"}],"wp:term":[{"taxonomy":"category","embeddable":true,"href":"https:\/\/247stiri.ro\/index.php\/wp-json\/wp\/v2\/categories?post=46206"},{"taxonomy":"post_tag","embeddable":true,"href":"https:\/\/247stiri.ro\/index.php\/wp-json\/wp\/v2\/tags?post=46206"}],"curies":[{"name":"wp","href":"https:\/\/api.w.org\/{rel}","templated":true}]}}