{"id":46235,"date":"2025-04-09T19:44:58","date_gmt":"2025-04-09T19:44:58","guid":{"rendered":"https:\/\/247stiri.ro\/index.php\/2025\/04\/09\/un-oras-din-romania-vrea-sa-introduca-taxa-pe-adapost-ce-vor-fi-obligate-sa-faca-proprietarii-pentru-a-nu-plati-amenzi-usturatoare\/"},"modified":"2025-04-09T19:44:58","modified_gmt":"2025-04-09T19:44:58","slug":"un-oras-din-romania-vrea-sa-introduca-taxa-pe-adapost-ce-vor-fi-obligate-sa-faca-proprietarii-pentru-a-nu-plati-amenzi-usturatoare","status":"publish","type":"post","link":"https:\/\/247stiri.ro\/index.php\/2025\/04\/09\/un-oras-din-romania-vrea-sa-introduca-taxa-pe-adapost-ce-vor-fi-obligate-sa-faca-proprietarii-pentru-a-nu-plati-amenzi-usturatoare\/","title":{"rendered":"Un ora\u0219 din Rom\u00e2nia vrea s\u0103 introduc\u0103 \u201etaxa pe ad\u0103post\u201d. Ce vor fi obligate s\u0103 fac\u0103 proprietarii, pentru a nu pl\u0103ti amenzi ustur\u0103toare"},"content":{"rendered":"<p>Taxa, cunoscut\u0103 sub denumirea de \u201etaxa de ad\u0103post\u201d sau \u201etaxa de protec\u021bie civil\u0103\u201d, ar urma s\u0103 se aplice tuturor persoanelor fizice \u0219i entit\u0103\u021bilor juridice care de\u021bin imobile \u00een municipiul Bra\u0219ov.<\/p>\n<p>Conform planului aflat \u00een dezbatere, persoanele fizice vor contribui cu 2% din impozitul pe cl\u0103diri, iar persoanele juridice vor pl\u0103ti 0,5% din valoarea impozitului aferent. Aceast\u0103 tax\u0103 va fi eviden\u021biat\u0103 distinct pe chitan\u021bele contribuabililor.<\/p>\n<p><a title='Raed Arafat: ,,Chiar daca probabilitatea de razboi in Romania e mica, este obligatoriu sa avem adaposturi\"' href=\"https:\/\/www.realitatea.net\/stiri\/actual\/raed-arafat-chiar-daca-probabilitatea-de-razboi-in-romania-e-mica-este-obligatoriu-sa-avem-adaposturi_67f13cb65f54591f73412972\">Raed Arafat: \u201eChiar dac\u0103 probabilitatea de r\u0103zboi \u00een Rom\u00e2nia e mic\u0103, este obligatoriu s\u0103 avem ad\u0103posturi\u201d<\/a><\/p>\n<p>Motivul pentru care se propune aceast\u0103 tax\u0103 se leag\u0103 de un proiect ini\u021biat de municipalitate \u00een 2022, \u00een contextul conflictului din Ucraina. Atunci, Bra\u0219ovul a lansat o campanie de inventariere \u0219i modernizare a ad\u0103posturilor de protec\u021bie civil\u0103, dar p\u00e2n\u0103 \u00een prezent doar trei dintre acestea au fost reabilitate. Din p\u0103cate, bugetul pentru 2025 nu preconizeaz\u0103 fonduri care s\u0103 permit\u0103 continuarea acestor lucr\u0103ri, ceea ce a determinat c\u0103utarea unor solu\u021bii alternative de finan\u021bare.<\/p>\n<p>Autorit\u0103\u021bile locale estimeaz\u0103 c\u0103, prin implementarea acestei taxe, ar putea fi colectate anual \u00eentre 1,2 \u0219i 1,3 milioane de lei, sum\u0103 ce ar fi utilizat\u0103 strict pentru reabilitarea ad\u0103posturilor civile. Sorin Toarcea, purt\u0103torul de cuv\u00e2nt al Prim\u0103riei Bra\u0219ov, a men\u021bionat c\u0103 aceast\u0103 ini\u021biativ\u0103 se afl\u0103 \u00een prezent \u00een etapa de consultare public\u0103 \u0219i va fi supus\u0103 analizei \u0219i votului Consiliului Local.<\/p>\n<p>Un audit efectuat de Curtea de Conturi \u00een 2023 a relevat c\u0103 Bra\u0219ovul are 151 de ad\u0103posturi, \u00eens\u0103 capacitatea acestora permite g\u0103zduirea doar a 6,64% din locuitorii ora\u0219ului.<\/p>\n<p>F\u0103r\u0103 investi\u021bii substan\u021biale, autorit\u0103\u021bile nu pot asigura protec\u021bia cet\u0103\u021benilor \u00een situa\u021bii de urgen\u021b\u0103 sever\u0103, iar taxa propus\u0103 este considerat\u0103 un pas esen\u021bial pentru a aborda aceast\u0103 problem\u0103.<\/p>\n<p><a title=\"Spatiul care trebuie amenajat obligatoriu in fiecare bloc, altfel locatarii pot plati amenzi de pana la 5.000 de lei\" href=\"https:\/\/www.realitatea.net\/stiri\/actual\/spatiul-care-trebuie-amenajat-obligatoriu-in-fiecare-bloc-altfel-locatarii-pot-plati-amenzi-de-pana-la-5000-de-lei_67f3d2e02927ec0e52281f18\">Spa\u0163iul care trebuie amenajat obligatoriu \u00een fiecare bloc, altfel locatarii pot pl\u0103ti amenzi de p\u00e2n\u0103 la 5.000 de lei<\/a><\/p>","protected":false},"excerpt":{"rendered":"<p>Taxa, cunoscut\u0103 sub denumirea de \u201etaxa de ad\u0103post\u201d sau \u201etaxa de protec\u021bie civil\u0103\u201d, ar urma&hellip;<\/p>\n","protected":false},"author":0,"featured_media":46236,"comment_status":"open","ping_status":"open","sticky":false,"template":"","format":"standard","meta":{"footnotes":""},"categories":[2],"tags":[],"class_list":["post-46235","post","type-post","status-publish","format-standard","has-post-thumbnail","hentry","category-actual"],"_links":{"self":[{"href":"https:\/\/247stiri.ro\/index.php\/wp-json\/wp\/v2\/posts\/46235","targetHints":{"allow":["GET"]}}],"collection":[{"href":"https:\/\/247stiri.ro\/index.php\/wp-json\/wp\/v2\/posts"}],"about":[{"href":"https:\/\/247stiri.ro\/index.php\/wp-json\/wp\/v2\/types\/post"}],"replies":[{"embeddable":true,"href":"https:\/\/247stiri.ro\/index.php\/wp-json\/wp\/v2\/comments?post=46235"}],"version-history":[{"count":0,"href":"https:\/\/247stiri.ro\/index.php\/wp-json\/wp\/v2\/posts\/46235\/revisions"}],"wp:featuredmedia":[{"embeddable":true,"href":"https:\/\/247stiri.ro\/index.php\/wp-json\/wp\/v2\/media\/46236"}],"wp:attachment":[{"href":"https:\/\/247stiri.ro\/index.php\/wp-json\/wp\/v2\/media?parent=46235"}],"wp:term":[{"taxonomy":"category","embeddable":true,"href":"https:\/\/247stiri.ro\/index.php\/wp-json\/wp\/v2\/categories?post=46235"},{"taxonomy":"post_tag","embeddable":true,"href":"https:\/\/247stiri.ro\/index.php\/wp-json\/wp\/v2\/tags?post=46235"}],"curies":[{"name":"wp","href":"https:\/\/api.w.org\/{rel}","templated":true}]}}