{"id":46251,"date":"2025-04-09T20:44:51","date_gmt":"2025-04-09T20:44:51","guid":{"rendered":"https:\/\/247stiri.ro\/index.php\/2025\/04\/09\/mesajul-lui-calin-georgescu-pentru-romani-dupa-ce-interviul-cu-tucker-carlson-a-fost-reprogramat\/"},"modified":"2025-04-09T20:44:51","modified_gmt":"2025-04-09T20:44:51","slug":"mesajul-lui-calin-georgescu-pentru-romani-dupa-ce-interviul-cu-tucker-carlson-a-fost-reprogramat","status":"publish","type":"post","link":"https:\/\/247stiri.ro\/index.php\/2025\/04\/09\/mesajul-lui-calin-georgescu-pentru-romani-dupa-ce-interviul-cu-tucker-carlson-a-fost-reprogramat\/","title":{"rendered":"Mesajul lui C\u0103lin Georgescu pentru rom\u00e2ni, dup\u0103 ce interviul cu Tucker Carlson a fost reprogramat"},"content":{"rendered":"<p>\u00cen cadrul emisiunii Culisele Statului Paralel, Anca Alexandrescu a atras aten\u021bia asupra tentativelor de a bloca difuzarea interviului: &#8222;Se \u00eencearc\u0103 blocarea interviului \u00een care C\u0103lin Georgescu demasc\u0103 mafia&#8221;, a declarat Anca Alexandrescu, eviden\u021biind presiunea exercitat\u0103 asupra mass-media.<\/p>\n<p>La r\u00e2ndul s\u0103u, C\u0103lin Georgescu a oferit detalii suplimentare printr-o postare pe pagina sa de Facebook, \u00een care a explicat motivele reprogram\u0103rii interviului.<\/p>\n<p>\u201eDragii mei, apreciez interesul acordat interviului meu cu Tucker Carlson. Din partea echipei de produc\u021bie TCN am fost informat c\u0103 exist\u0103 anumite situa\u021bii de natur\u0103 tehnic\u0103 \u0219i a fost reprogramat.Apreciez, de asemenea, implicarea de care Realitatea Plus \u0219i realizatoarea Anca Alexandrescu au dat dovad\u0103 \u00een preluarea acestui interviu. Orice acuza\u021bii la adresa reprezentan\u021bilor media care au dorit s\u0103 difuzeze acest material sunt nefondate, motivele reprogram\u0103rii fiind unele strict obiective.Toate la timpul lor. V\u0103 mul\u021bumesc!\u201d, a scris C\u0103lin Georgescu pe pagina sa de Facebook.\u00a0<a title=\"Calin Georgescu, inconjurat de sustinatori la sediul Politiei. Romanii l-au intampinat cu flori\" href=\"https:\/\/www.realitatea.net\/stiri\/actual\/calin-georgescu-inconjurat-de-sustinatori-la-sediul-politiei-romanii-nu-lau-uitat-si-lau-intampinat-cu-flori_67f6362e2c37d17a8b0dbe22\">C\u0103lin Georgescu, \u00eenconjurat de sus\u021bin\u0103tori la sediul Poli\u021biei. Rom\u00e2nii l-au \u00eent\u00e2mpinat cu flori<\/a><\/p>","protected":false},"excerpt":{"rendered":"<p>\u00cen cadrul emisiunii Culisele Statului Paralel, Anca Alexandrescu a atras aten\u021bia asupra tentativelor de a&hellip;<\/p>\n","protected":false},"author":0,"featured_media":46248,"comment_status":"open","ping_status":"open","sticky":false,"template":"","format":"standard","meta":{"footnotes":""},"categories":[2],"tags":[],"class_list":["post-46251","post","type-post","status-publish","format-standard","has-post-thumbnail","hentry","category-actual"],"_links":{"self":[{"href":"https:\/\/247stiri.ro\/index.php\/wp-json\/wp\/v2\/posts\/46251","targetHints":{"allow":["GET"]}}],"collection":[{"href":"https:\/\/247stiri.ro\/index.php\/wp-json\/wp\/v2\/posts"}],"about":[{"href":"https:\/\/247stiri.ro\/index.php\/wp-json\/wp\/v2\/types\/post"}],"replies":[{"embeddable":true,"href":"https:\/\/247stiri.ro\/index.php\/wp-json\/wp\/v2\/comments?post=46251"}],"version-history":[{"count":0,"href":"https:\/\/247stiri.ro\/index.php\/wp-json\/wp\/v2\/posts\/46251\/revisions"}],"wp:featuredmedia":[{"embeddable":true,"href":"https:\/\/247stiri.ro\/index.php\/wp-json\/wp\/v2\/media\/46248"}],"wp:attachment":[{"href":"https:\/\/247stiri.ro\/index.php\/wp-json\/wp\/v2\/media?parent=46251"}],"wp:term":[{"taxonomy":"category","embeddable":true,"href":"https:\/\/247stiri.ro\/index.php\/wp-json\/wp\/v2\/categories?post=46251"},{"taxonomy":"post_tag","embeddable":true,"href":"https:\/\/247stiri.ro\/index.php\/wp-json\/wp\/v2\/tags?post=46251"}],"curies":[{"name":"wp","href":"https:\/\/api.w.org\/{rel}","templated":true}]}}