{"id":46259,"date":"2025-04-09T21:45:01","date_gmt":"2025-04-09T21:45:01","guid":{"rendered":"https:\/\/247stiri.ro\/index.php\/2025\/04\/09\/un-print-dintr-o-mare-casa-europeana-a-ajuns-sa-ceara-ajutor-social-desi-nu-ducea-lipsa-de-bani-ce-motiv-a-invocat\/"},"modified":"2025-04-09T21:45:01","modified_gmt":"2025-04-09T21:45:01","slug":"un-print-dintr-o-mare-casa-europeana-a-ajuns-sa-ceara-ajutor-social-desi-nu-ducea-lipsa-de-bani-ce-motiv-a-invocat","status":"publish","type":"post","link":"https:\/\/247stiri.ro\/index.php\/2025\/04\/09\/un-print-dintr-o-mare-casa-europeana-a-ajuns-sa-ceara-ajutor-social-desi-nu-ducea-lipsa-de-bani-ce-motiv-a-invocat\/","title":{"rendered":"Un prin\u021b dintr-o mare cas\u0103 european\u0103 a ajuns s\u0103 cear\u0103 ajutor social, de\u0219i nu ducea lips\u0103 de bani. Ce motiv a invocat"},"content":{"rendered":"<p>Fratele mai t\u00e2n\u0103r al regelui Philippe \u0219i fiul cel mai mic al fostului suveran Albert al II-lea, Laurent, a argumentat c\u0103 implicarea sa \u00een activit\u0103\u021bi publice \u0219i diverse ini\u021biative sociale ar trebui s\u0103-l califice pentru a beneficia de acoperirea social\u0103 destinat\u0103 antreprenorilor independen\u021bi. El a subliniat c\u0103 miza nu este reprezentat\u0103 de bani, ci de principiul egalit\u0103\u021bii \u00een fa\u021ba legii.<\/p>\n<p>Judec\u0103torii au examinat cu aten\u021bie statutul prin\u021bului \u0219i au ajuns la concluzia c\u0103 rolul s\u0103u nu se aliniaz\u0103 cu cel al unui lucr\u0103tor independent, ci se aseam\u0103n\u0103 mai degrab\u0103 cu cel al unui func\u021bionar public. \u00cen cadrul legisla\u021biei belgiene, aceast\u0103 categorie de angaja\u021bi beneficiaz\u0103 de un set specific de drepturi, dar nu are parte de un pachet complet de protec\u021bie social\u0103.<\/p>\n<p>Prin urmare, instan\u021ba a stabilit c\u0103 cererea prin\u021bului nu are fundament legal, chiar dac\u0103 se bazeaz\u0103 pe un argument moral sau simbolic. Totu\u0219i, avocatul s\u0103u, Olivier Rijckaert, a men\u021bionat c\u0103 decizia este \u201ebine fundamentat\u0103\u201d \u0219i c\u0103 prin\u021bul ia \u00een considerare posibilitatea de a face apel.<\/p>\n<p>\u00a0\u201eNu am ob\u021binut ce ne-am dorit, dar hot\u0103r\u00e2rea este foarte detaliat\u0103, foarte bine motivat\u0103. \u00cei \u00een\u021beleg ra\u021bionamentul\u201d, a spus el pentru Agen\u021bia France-Presse.<\/p>\n<p>\u00centr-un interviu acordat televiziunii belgiene RTBF, prin\u021bul a comparat situa\u021bia sa cu cea a migran\u021bilor care se stabilesc \u00een Belgia, subliniind c\u0103 ace\u0219tia au acces imediat la securitate social\u0103 odat\u0103 ce se \u00eenregistreaz\u0103.<\/p>\n<p>\u201ePoate c\u0103 \u0219i eu sunt un migrant \u2013 dar unul al c\u0103rui familie a creat statul \u00een care tr\u0103im\u201d, a declarat el, suger\u00e2nd c\u0103 merit\u0103 acela\u0219i tratament ca orice alt cet\u0103\u021bean al regatului.<\/p>\n<p>\u201eNu este vorba despre bani, ci despre principiu. C\u00e2nd un migrant vine aici, se \u00eenregistreaz\u0103 \u0219i are acest drept. Poate c\u0103 \u0219i eu sunt un migrant, dar unul a c\u0103rui familie a creat statul \u00een care tr\u0103im\u201d, a declarat el postului belgian RTBF.\u00a0<\/p>\n<p><a title=\"Majestatea Sa Margareta, custodele Coroanei, a fost primita de Maia Sandu la Chisinau\" href=\"https:\/\/www.realitatea.net\/stiri\/actual\/majestatea-sa-margareta-custodele-coroanei-a-fost-primita-de-maia-sandu-la-chisinau_67f395e121a3f666f4414173\">Majestatea Sa Margareta, custodele Coroanei, a fost primit\u0103 de Maia Sandu la Chi\u0219in\u0103u<\/a><\/p>\n<p>Potrivit avocatului s\u0103u, doar 25% din venitul regal al prin\u021bului constituie un salariu propriu-zis, restul fiind utilizat pentru diverse activit\u0103\u021bi oficiale, cum ar fi deplas\u0103rile \u0219i remunera\u021bia angaja\u021bilor. De\u0219i \u00een 2024 prin\u021bul a primit 388.000 de euro din fonduri publice \u0219i locuie\u0219te \u00eentr-o re\u0219edin\u021b\u0103 oficial\u0103 f\u0103r\u0103 a pl\u0103ti chirie, suma net\u0103 pe care o are lunar la dispozi\u021bie se ridic\u0103 la aproximativ 5.000 de euro. Aceasta este comparabil\u0103 cu salariul unui director executiv de top din Belgia, \u00eens\u0103 f\u0103r\u0103 a avea parte de asigur\u0103ri sociale, pensie sau ramburs\u0103ri pentru cheltuieli medicale.<\/p>\n<p>De mai bine de zece ani, Laurent conduce o funda\u021bie dedicat\u0103 protec\u021biei animalelor, care ofer\u0103 servicii veterinare gratuite. Activitatea sa include participarea la evenimente publice, \u0219edin\u021be de consilii de administra\u021bie \u0219i \u00eent\u00e2lniri diplomatice, un program pe care el \u00eel descrie ca fiind foarte solicitant.<\/p>\n<p>Prin\u021bul este c\u0103s\u0103torit cu Claire, o britanic\u0103, \u0219i are trei copii, to\u021bi \u00een jurul v\u00e2rstei de 20 de ani. El \u00ee\u0219i exprim\u0103 \u00eengrijorarea cu privire la lipsa unei acoperiri sociale, care ar putea afecta viitorul financiar al familiei, mai ales c\u0103 aloca\u021bia regal\u0103 \u00eenceteaz\u0103 la decesul s\u0103u. F\u0103r\u0103 o pensie sau alte beneficii, el nu ar avea acces la ramburs\u0103ri pentru tratamente medicale sau indemniza\u021bii \u00een caz de boal\u0103.<\/p>\n<p><a title=\"Este oficial: Paul de Romania a fost arestat in Franta. Ce se va intampla cu printul fugar - cand va fi adus inapoi in tara \" href=\"https:\/\/www.realitatea.net\/stiri\/actual\/este-oficial-paul-de-romania-a-fost-arestat-in-franta-ce-se-va-intampla-de-acum-incolo-cu-printul-fugar-cand-va-fi-adus-inapoi-in-tara_67f406033e2eb26848333b91\">Este oficial: Paul de Rom\u00e2nia a fost arestat \u00een Fran\u021ba. Ce se va \u00eent\u00e2mpla cu prin\u021bul fugar &#8211; c\u00e2nd va fi adus \u00eenapoi \u00een \u021bar\u0103<\/a><\/p>","protected":false},"excerpt":{"rendered":"<p>Fratele mai t\u00e2n\u0103r al regelui Philippe \u0219i fiul cel mai mic al fostului suveran Albert&hellip;<\/p>\n","protected":false},"author":0,"featured_media":46244,"comment_status":"open","ping_status":"open","sticky":false,"template":"","format":"standard","meta":{"footnotes":""},"categories":[2],"tags":[],"class_list":["post-46259","post","type-post","status-publish","format-standard","has-post-thumbnail","hentry","category-actual"],"_links":{"self":[{"href":"https:\/\/247stiri.ro\/index.php\/wp-json\/wp\/v2\/posts\/46259","targetHints":{"allow":["GET"]}}],"collection":[{"href":"https:\/\/247stiri.ro\/index.php\/wp-json\/wp\/v2\/posts"}],"about":[{"href":"https:\/\/247stiri.ro\/index.php\/wp-json\/wp\/v2\/types\/post"}],"replies":[{"embeddable":true,"href":"https:\/\/247stiri.ro\/index.php\/wp-json\/wp\/v2\/comments?post=46259"}],"version-history":[{"count":0,"href":"https:\/\/247stiri.ro\/index.php\/wp-json\/wp\/v2\/posts\/46259\/revisions"}],"wp:featuredmedia":[{"embeddable":true,"href":"https:\/\/247stiri.ro\/index.php\/wp-json\/wp\/v2\/media\/46244"}],"wp:attachment":[{"href":"https:\/\/247stiri.ro\/index.php\/wp-json\/wp\/v2\/media?parent=46259"}],"wp:term":[{"taxonomy":"category","embeddable":true,"href":"https:\/\/247stiri.ro\/index.php\/wp-json\/wp\/v2\/categories?post=46259"},{"taxonomy":"post_tag","embeddable":true,"href":"https:\/\/247stiri.ro\/index.php\/wp-json\/wp\/v2\/tags?post=46259"}],"curies":[{"name":"wp","href":"https:\/\/api.w.org\/{rel}","templated":true}]}}