{"id":46268,"date":"2025-04-10T04:45:08","date_gmt":"2025-04-10T04:45:08","guid":{"rendered":"https:\/\/247stiri.ro\/index.php\/2025\/04\/10\/reactia-lui-nicusor-dan-dupa-mazilierea-elenei-lasconi-de-catre-usr-ce-spune-primarul-care-se-viseaza-presedintele-romaniei\/"},"modified":"2025-04-10T04:45:08","modified_gmt":"2025-04-10T04:45:08","slug":"reactia-lui-nicusor-dan-dupa-mazilierea-elenei-lasconi-de-catre-usr-ce-spune-primarul-care-se-viseaza-presedintele-romaniei","status":"publish","type":"post","link":"https:\/\/247stiri.ro\/index.php\/2025\/04\/10\/reactia-lui-nicusor-dan-dupa-mazilierea-elenei-lasconi-de-catre-usr-ce-spune-primarul-care-se-viseaza-presedintele-romaniei\/","title":{"rendered":"Reac\u021bia lui Nicu\u0219or Dan dup\u0103 mazilierea Elenei Lasconi de c\u0103tre USR. Ce spune primarul care se viseaz\u0103 pre\u0219edintele Rom\u00e2niei"},"content":{"rendered":"<p>Nicu\u0219or Dan spune c\u0103 s-a \u00eent\u00e2lnit \u00een mai multe r\u00e2nduri cu Elena Lasconi \u00een evenimentele de campanie, dar c\u0103 nu i-a transmis niciun mesaj \u0219i nu i-a cerut s\u0103 se retrag\u0103. Asta de\u0219i Lasconi a f\u0103cut public \u00eentr-un interviu mesajul primit de la primarul Capitalei.<\/p>\n<p>Referitor la retragerea sprijinului pentru Elena Lasconi din partea USR, Nicu\u0219or Dan spune: \u201eNu a fost nicio negociere \u00eentre mine \u0219i USR pe ceea ce s-a \u00eent\u00e2mplat. Am un parteneriat cu USR [&#8230;], dar nu vreau s\u0103 interferez \u00een discu\u021biile lor interne. [&#8230;] \u0218tiam c\u0103 exist\u0103 discu\u021biile acestea de mult timp, dar [&#8230;] am fost informat de Dominic Fritz printr-un telefon\u201d.\u00a0<\/p>","protected":false},"excerpt":{"rendered":"<p>Nicu\u0219or Dan spune c\u0103 s-a \u00eent\u00e2lnit \u00een mai multe r\u00e2nduri cu Elena Lasconi \u00een evenimentele&hellip;<\/p>\n","protected":false},"author":0,"featured_media":46269,"comment_status":"open","ping_status":"open","sticky":false,"template":"","format":"standard","meta":{"footnotes":""},"categories":[3],"tags":[],"class_list":["post-46268","post","type-post","status-publish","format-standard","has-post-thumbnail","hentry","category-politica"],"_links":{"self":[{"href":"https:\/\/247stiri.ro\/index.php\/wp-json\/wp\/v2\/posts\/46268","targetHints":{"allow":["GET"]}}],"collection":[{"href":"https:\/\/247stiri.ro\/index.php\/wp-json\/wp\/v2\/posts"}],"about":[{"href":"https:\/\/247stiri.ro\/index.php\/wp-json\/wp\/v2\/types\/post"}],"replies":[{"embeddable":true,"href":"https:\/\/247stiri.ro\/index.php\/wp-json\/wp\/v2\/comments?post=46268"}],"version-history":[{"count":0,"href":"https:\/\/247stiri.ro\/index.php\/wp-json\/wp\/v2\/posts\/46268\/revisions"}],"wp:featuredmedia":[{"embeddable":true,"href":"https:\/\/247stiri.ro\/index.php\/wp-json\/wp\/v2\/media\/46269"}],"wp:attachment":[{"href":"https:\/\/247stiri.ro\/index.php\/wp-json\/wp\/v2\/media?parent=46268"}],"wp:term":[{"taxonomy":"category","embeddable":true,"href":"https:\/\/247stiri.ro\/index.php\/wp-json\/wp\/v2\/categories?post=46268"},{"taxonomy":"post_tag","embeddable":true,"href":"https:\/\/247stiri.ro\/index.php\/wp-json\/wp\/v2\/tags?post=46268"}],"curies":[{"name":"wp","href":"https:\/\/api.w.org\/{rel}","templated":true}]}}