{"id":46287,"date":"2025-04-10T05:45:06","date_gmt":"2025-04-10T05:45:06","guid":{"rendered":"https:\/\/247stiri.ro\/index.php\/2025\/04\/10\/linia-19-a-fost-blocata-dupa-ce-un-tramvai-a-deraiat-au-fost-afectate-si-tramvaiele-23-si-27-alarmant-este-deja-al-patrulea-incident-de-acest-fel-in-ultimele-10-zile-galerie-foto\/"},"modified":"2025-04-10T05:45:06","modified_gmt":"2025-04-10T05:45:06","slug":"linia-19-a-fost-blocata-dupa-ce-un-tramvai-a-deraiat-au-fost-afectate-si-tramvaiele-23-si-27-alarmant-este-deja-al-patrulea-incident-de-acest-fel-in-ultimele-10-zile-galerie-foto","status":"publish","type":"post","link":"https:\/\/247stiri.ro\/index.php\/2025\/04\/10\/linia-19-a-fost-blocata-dupa-ce-un-tramvai-a-deraiat-au-fost-afectate-si-tramvaiele-23-si-27-alarmant-este-deja-al-patrulea-incident-de-acest-fel-in-ultimele-10-zile-galerie-foto\/","title":{"rendered":"Linia 19 a fost BLOCAT\u0102 dup\u0103 ce un tramvai a DERAIAT: au fost afectate \u0219i tramvaiele 23 \u0219i 27. ALARMANT: este deja al patrulea incident de acest fel \u00een ultimele 10 zile &#8211; GALERIE FOTO"},"content":{"rendered":"<p>Un incident s-a produs \u00een trafic \u00een aceast\u0103 diminea\u021b\u0103. Tramvaiul 19 a deraiat la intersec\u021bia Calea Vitan cu bulevarduldul Octavian Goga, pe sensul de mers spre Pasajul M\u0103r\u0103se\u0219ti. Timp de peste 40 de minute, circula\u021bia tramvaielor 19, 23, 27 a fost oprit\u0103, conform unei post\u0103ri de pe grupul de Facebook Info Trafic Bucure\u0219ti Ilfov.<\/p>\n<p>Potrivit post\u0103rii men\u021bionate, la ora transmiterii acestei \u0219tiri circula\u021bia a fost reluat\u0103.\u00a0<\/p>\n<p>Din fericire, incidentul s-a petrecut \u00eenainte de ora 8.00, fapt pentru care \u00een tramvai cel mai probabil c\u0103 nu se aflau foarte mul\u021bi c\u0103l\u0103tori. De altfel, nu exist\u0103 informa\u021bii legate de posibile persoane r\u0103nite sau care s\u0103 fi acuzat probleme medicale.\u00a0<\/p>\n<p>Chiar \u0219i a\u0219a, incidentul ar trebui s\u0103 trag\u0103 un semnal de alarm\u0103 autorit\u0103\u021bilor av\u00e2nd \u00een vedere c\u0103 este al patrulea de acest fel de la \u00eenceputul acestei luni. Mai exact, \u00een primele 10 zile ale lunii aprilie au avut loc 4 astfel de incidente.\u00a0<\/p>\n<p>Primul dintre ele s-a petrecut chiar pe 1 aprilie, atunci c\u00e2nd\u00a0 un tramvai a deraiat pe \u0219oseaua Pantelimon. Incidentul a st\u00e2rnit revolta oamenilor, nemul\u021bumi\u021bi de situa\u021bia liniilor de tramvai din Capital\u0103 \u0219i speria\u021bi, totodat\u0103, c\u0103 o tragedie ar putea s\u0103 se \u00eent\u00e2mple \u00een orice moment.<\/p>\n\n<p>&#8222;Tei, Pantelimon, Basarabia, sare tramvaiul pe \u0219in\u0103, la propriu, de zici c\u0103 nu e adev\u0103rat. , de la Hala Traian spre Unirii, la fel, dezastru. Am mers cu 14 de la biserica Capra c\u0103tre Unirii, am r\u0103mas surprins c\u0103 nu a deraiat. Nu e nici o exagerare c\u0103 po\u021bi p\u0103\u021bi ceva la coloan\u0103 la ce \u0219ocuri \u00ee\u021bi d\u0103&#8221;, a scris o persoan\u0103 \u00een comentariul care \u00eenso\u021be\u0219te postarea de pe un grup de Facebook dedicat traficului \u0219i accidentelor rutiere din Bucure\u0219ti.<\/p>\n<p>Pe de al\u0103t parte, oamenii arat\u0103 cu degetul la primarul general Nicu\u0219or Dan care, spun ei, nu \u0219i-a f\u0103cut treaba la Capital\u0103, dar se viseaz\u0103 pre\u0219edintele \u021b\u0103rii. \u00cen plus, ace\u0219tia spun c\u0103 edilul are acum alte preocup\u0103ri, fiind focusat pe propria campanie electoral\u0103.<\/p>\n<p>&#8222;Nicu\u0219or nu a fost \u00een stare sa modernizeze liniile de transport, dar el vrea sa conduc\u0103 o \u021bar\u0103&#8230;&#8221;, se arat\u0103 \u00eentr-un comentariu.<\/p>\n<p>&#8222;Plicusor Ban este in campanie; nu deranjati!&#8221;, spune un altul.<\/p>\n<p>Pe 2 aprilie, deci la o zi de la incidentul de pe \u0219oseaua Pantelimon, un alt tramvai a deraiat \u00een zon\u0103, respectiv pe bulevardul Basarabia, iar pe 7 aprilie un tramvai a s\u0103rit de pe sine \u00een zona Reinvierii, l\u00e2ng\u0103 OMV.<\/p>\n<p>Din fericire, nici \u00een aceste cazuri nu au fost raportate persoane r\u0103nite, \u00eens\u0103 acest lucru nu \u00eenseamn\u0103 c\u0103 siguran\u021ba acestora nu este pus\u0103 \u00een pericol zi de zi, av\u00e2nd \u00een vedere frecven\u021ba acestor incidente.<\/p>\n\n<p>De altfel, acestea sunt doar c\u00e2teva dintre cazurile semnalate de oameni pe Facebook, \u00eens\u0103 nu este exclus ca num\u0103rul acestor incidente s\u0103 fie mai mare \u0219i ele s\u0103 fi r\u0103mas, de fapt, necunoscute opiniei publice \u0219i asta deoarece nu au fost\u00a0 semnalizate \u00een mediul online.\u00a0<\/p>","protected":false},"excerpt":{"rendered":"<p>Un incident s-a produs \u00een trafic \u00een aceast\u0103 diminea\u021b\u0103. Tramvaiul 19 a deraiat la intersec\u021bia&hellip;<\/p>\n","protected":false},"author":0,"featured_media":46288,"comment_status":"open","ping_status":"open","sticky":false,"template":"","format":"standard","meta":{"footnotes":""},"categories":[2],"tags":[],"class_list":["post-46287","post","type-post","status-publish","format-standard","has-post-thumbnail","hentry","category-actual"],"_links":{"self":[{"href":"https:\/\/247stiri.ro\/index.php\/wp-json\/wp\/v2\/posts\/46287","targetHints":{"allow":["GET"]}}],"collection":[{"href":"https:\/\/247stiri.ro\/index.php\/wp-json\/wp\/v2\/posts"}],"about":[{"href":"https:\/\/247stiri.ro\/index.php\/wp-json\/wp\/v2\/types\/post"}],"replies":[{"embeddable":true,"href":"https:\/\/247stiri.ro\/index.php\/wp-json\/wp\/v2\/comments?post=46287"}],"version-history":[{"count":0,"href":"https:\/\/247stiri.ro\/index.php\/wp-json\/wp\/v2\/posts\/46287\/revisions"}],"wp:featuredmedia":[{"embeddable":true,"href":"https:\/\/247stiri.ro\/index.php\/wp-json\/wp\/v2\/media\/46288"}],"wp:attachment":[{"href":"https:\/\/247stiri.ro\/index.php\/wp-json\/wp\/v2\/media?parent=46287"}],"wp:term":[{"taxonomy":"category","embeddable":true,"href":"https:\/\/247stiri.ro\/index.php\/wp-json\/wp\/v2\/categories?post=46287"},{"taxonomy":"post_tag","embeddable":true,"href":"https:\/\/247stiri.ro\/index.php\/wp-json\/wp\/v2\/tags?post=46287"}],"curies":[{"name":"wp","href":"https:\/\/api.w.org\/{rel}","templated":true}]}}