{"id":46290,"date":"2025-04-10T06:44:44","date_gmt":"2025-04-10T06:44:44","guid":{"rendered":"https:\/\/247stiri.ro\/index.php\/2025\/04\/10\/tragedie-in-lumea-artistica-din-romania-doliu-in-ansamblul-folcloric-doina-gorjului\/"},"modified":"2025-04-10T06:44:44","modified_gmt":"2025-04-10T06:44:44","slug":"tragedie-in-lumea-artistica-din-romania-doliu-in-ansamblul-folcloric-doina-gorjului","status":"publish","type":"post","link":"https:\/\/247stiri.ro\/index.php\/2025\/04\/10\/tragedie-in-lumea-artistica-din-romania-doliu-in-ansamblul-folcloric-doina-gorjului\/","title":{"rendered":"Tragedie \u00een lumea artistic\u0103 din Rom\u00e2nia: doliu \u00een ansamblul folcloric &#8222;Doina Gorjului&#8221;"},"content":{"rendered":"<p>Pasiunea sa pentru scen\u0103 a \u00eenceput \u00eenc\u0103 din copil\u0103rie. A fost mentor pentru tineri \u0219i model de d\u0103ruire.<\/p>\n<p>Vasile Ciora a intrat \u00een lumea artei la o v\u00e2rst\u0103 fraged\u0103. Avea doar 13 ani c\u00e2nd a urcat prima oar\u0103 pe scen\u0103.\u00a0<\/p>\n<p>A urmat cursurile \u0218colii Populare de Art\u0103 din T\u00e2rgu Jiu, acolo unde a fost remarcat de profesori \u0219i coordonatori. Talentul s\u0103u era evident. Cu un pas precis, dar \u0219i cu o inim\u0103 mare, Vasile a atras aten\u021bia tuturor. \u00cen scurt timp, a devenit parte din marea familie artistic\u0103 a jude\u021bului Gorj. Pentru el, dansul popular nu era doar o form\u0103 de expresie. Era o continuitate a spiritului rom\u00e2nesc.\u00a0<\/p>\n\n<p>Dup\u0103 doar c\u00e2\u021biva ani de preg\u0103tire, Vasile Ciora a fost acceptat \u00een Ansamblul Artistic \u201eDoina Gorjului\u201d. Aici a dansat timp de peste 20 de ani. A fost mai mult dec\u00e2t un simplu dansator. A fost un ambasador al culturii populare.\u00a0<\/p>\n<p>Sub \u00eendrumarea lui Liviu Dafinescu, fostul director al ansamblului, Vasile a crescut ca artist. A fost sprijinit, \u00eencurajat \u0219i \u00eenv\u0103\u021bat cum s\u0103 transforme dansul \u00een art\u0103 autentic\u0103. \u00cempreun\u0103, au dus mai departe tradi\u021biile Gorjului, p\u0103str\u00e2nd vie esen\u021ba lor.\u00a0<\/p>\n<p><a href=\"https:\/\/www.realitatea.net\/stiri\/monden\/doliu-in-muzica-populara-indragita-artista-mariana-edulescu-a-murit_67b5a0cef3f03d4aaa2a800a\" target=\"_blank\">Doliu \u00een muzica popular\u0103: \u00eendr\u0103gita artist\u0103 Mariana Edulescu a murit<\/a><\/p>","protected":false},"excerpt":{"rendered":"<p>Pasiunea sa pentru scen\u0103 a \u00eenceput \u00eenc\u0103 din copil\u0103rie. A fost mentor pentru tineri \u0219i&hellip;<\/p>\n","protected":false},"author":0,"featured_media":46291,"comment_status":"open","ping_status":"open","sticky":false,"template":"","format":"standard","meta":{"footnotes":""},"categories":[8],"tags":[],"class_list":["post-46290","post","type-post","status-publish","format-standard","has-post-thumbnail","hentry","category-lifestyle"],"_links":{"self":[{"href":"https:\/\/247stiri.ro\/index.php\/wp-json\/wp\/v2\/posts\/46290","targetHints":{"allow":["GET"]}}],"collection":[{"href":"https:\/\/247stiri.ro\/index.php\/wp-json\/wp\/v2\/posts"}],"about":[{"href":"https:\/\/247stiri.ro\/index.php\/wp-json\/wp\/v2\/types\/post"}],"replies":[{"embeddable":true,"href":"https:\/\/247stiri.ro\/index.php\/wp-json\/wp\/v2\/comments?post=46290"}],"version-history":[{"count":0,"href":"https:\/\/247stiri.ro\/index.php\/wp-json\/wp\/v2\/posts\/46290\/revisions"}],"wp:featuredmedia":[{"embeddable":true,"href":"https:\/\/247stiri.ro\/index.php\/wp-json\/wp\/v2\/media\/46291"}],"wp:attachment":[{"href":"https:\/\/247stiri.ro\/index.php\/wp-json\/wp\/v2\/media?parent=46290"}],"wp:term":[{"taxonomy":"category","embeddable":true,"href":"https:\/\/247stiri.ro\/index.php\/wp-json\/wp\/v2\/categories?post=46290"},{"taxonomy":"post_tag","embeddable":true,"href":"https:\/\/247stiri.ro\/index.php\/wp-json\/wp\/v2\/tags?post=46290"}],"curies":[{"name":"wp","href":"https:\/\/api.w.org\/{rel}","templated":true}]}}