{"id":46300,"date":"2025-04-10T06:44:50","date_gmt":"2025-04-10T06:44:50","guid":{"rendered":"https:\/\/247stiri.ro\/index.php\/2025\/04\/10\/18-pacienti-si-29-de-apartinatori-din-fasia-gaza-adusi-in-romania-cu-o-aeronava-a-fortelor-aeriene-romane-anuntul-mapn\/"},"modified":"2025-04-10T06:44:50","modified_gmt":"2025-04-10T06:44:50","slug":"18-pacienti-si-29-de-apartinatori-din-fasia-gaza-adusi-in-romania-cu-o-aeronava-a-fortelor-aeriene-romane-anuntul-mapn","status":"publish","type":"post","link":"https:\/\/247stiri.ro\/index.php\/2025\/04\/10\/18-pacienti-si-29-de-apartinatori-din-fasia-gaza-adusi-in-romania-cu-o-aeronava-a-fortelor-aeriene-romane-anuntul-mapn\/","title":{"rendered":"18 pacien\u0163i \u0219i 29 de apar\u021bin\u0103tori din F\u00e2\u015fia Gaza, adu\u0219i \u00een Rom\u00e2nia cu o aeronav\u0103 a For\u0163elor Aeriene Rom\u00e2ne. Anun\u021bul MApN"},"content":{"rendered":"<p>\u201dO aeronav\u0103 C-27J Spartan apar\u0163in\u00e2nd For\u0163elor Aeriene Rom\u00e2ne a decolat miercuri seara, 9 aprilie, c\u0103tre Oslo, Norvegia, av\u00e2nd la bord opt pacien\u0163i \u015fi 13 apar\u0163in\u0103tori dintre cei reveni\u0163i din Israel \u00een aceea\u015fi sear\u0103. Al\u0163i pacien\u0163i au fost transporta\u0163i c\u0103tre Malta \u015fi Luxemburg cu aeronave ale unor state partenere din Uniunea European\u0103, iar patru, \u00eempreun\u0103 cu opt apar\u0163in\u0103tori, au r\u0103mas \u00een Rom\u00e2nia pentru \u00eengrijiri medicale\u201d, a transmis joi diminea\u0163\u0103 MApN, \u00eentr-o postare pe Facebook.<\/p>\n\n<p>\u00cen total, \u00een Rom\u00e2nia au fost adu\u015fi din Israel, \u00een cursul serii de miercuri, 18 pacien\u0163i \u015fi 29 de membri de familie, cu o aeronav\u0103 C-130 Hercules a Ministerului Ap\u0103r\u0103rii Na\u0163ionale.<\/p>\n<p>Pe timpul zborurilor, asisten\u0163a medical\u0103 a fost asigurat\u0103 de medici \u015fi asisten\u0163i ai UPU-SMURD din Spitalul Clinic de Urgen\u0163\u0103 Bucure\u015fti \u015fi ai MApN.<\/p>\n<p>Misiunile s-au desf\u0103\u015furat la solicitarea Departamentului pentru Situa\u0163ii de Urgen\u0163\u0103, la cererea primit\u0103 de la Centrul de Coordonare a R\u0103spunsului la Situa\u0163ii de Urgen\u0163\u0103 al Comisiei Europene (ERCC), prin intermediul Common Emergency Communication and Information System (CECIS), din cadrul Mecanismului de Protec\u0163ie Civil\u0103 al Uniunii Europene.<\/p>\n<p>\u201dAceasta este cea de-a treia misiune de sprijin executat\u0103 \u00een acest an pentru popula\u0163ia civil\u0103 din F\u00e2\u015fia Gaza, fiind transporta\u0163i, \u00een total, peste 40 de pacien\u0163i \u015fi circa 90 de apar\u0163in\u0103tori\u201d, precizeaz\u0103 MApN.<\/p>","protected":false},"excerpt":{"rendered":"<p>\u201dO aeronav\u0103 C-27J Spartan apar\u0163in\u00e2nd For\u0163elor Aeriene Rom\u00e2ne a decolat miercuri seara, 9 aprilie, c\u0103tre&hellip;<\/p>\n","protected":false},"author":0,"featured_media":46301,"comment_status":"open","ping_status":"open","sticky":false,"template":"","format":"standard","meta":{"footnotes":""},"categories":[2],"tags":[],"class_list":["post-46300","post","type-post","status-publish","format-standard","has-post-thumbnail","hentry","category-actual"],"_links":{"self":[{"href":"https:\/\/247stiri.ro\/index.php\/wp-json\/wp\/v2\/posts\/46300","targetHints":{"allow":["GET"]}}],"collection":[{"href":"https:\/\/247stiri.ro\/index.php\/wp-json\/wp\/v2\/posts"}],"about":[{"href":"https:\/\/247stiri.ro\/index.php\/wp-json\/wp\/v2\/types\/post"}],"replies":[{"embeddable":true,"href":"https:\/\/247stiri.ro\/index.php\/wp-json\/wp\/v2\/comments?post=46300"}],"version-history":[{"count":0,"href":"https:\/\/247stiri.ro\/index.php\/wp-json\/wp\/v2\/posts\/46300\/revisions"}],"wp:featuredmedia":[{"embeddable":true,"href":"https:\/\/247stiri.ro\/index.php\/wp-json\/wp\/v2\/media\/46301"}],"wp:attachment":[{"href":"https:\/\/247stiri.ro\/index.php\/wp-json\/wp\/v2\/media?parent=46300"}],"wp:term":[{"taxonomy":"category","embeddable":true,"href":"https:\/\/247stiri.ro\/index.php\/wp-json\/wp\/v2\/categories?post=46300"},{"taxonomy":"post_tag","embeddable":true,"href":"https:\/\/247stiri.ro\/index.php\/wp-json\/wp\/v2\/tags?post=46300"}],"curies":[{"name":"wp","href":"https:\/\/api.w.org\/{rel}","templated":true}]}}