{"id":46355,"date":"2025-04-10T09:44:49","date_gmt":"2025-04-10T09:44:49","guid":{"rendered":"https:\/\/247stiri.ro\/index.php\/2025\/04\/10\/retroparada-masinilor-istorice-duminica-in-parcul-lumea-copiilor-foto\/"},"modified":"2025-04-10T09:44:49","modified_gmt":"2025-04-10T09:44:49","slug":"retroparada-masinilor-istorice-duminica-in-parcul-lumea-copiilor-foto","status":"publish","type":"post","link":"https:\/\/247stiri.ro\/index.php\/2025\/04\/10\/retroparada-masinilor-istorice-duminica-in-parcul-lumea-copiilor-foto\/","title":{"rendered":"Retroparada ma\u0219inilor istorice, duminic\u0103, \u00een Parcul Lumea Copiilor &#8211; FOTO"},"content":{"rendered":"<p class=\"Textbody\">La Retro Parada Prim\u0103verii din Bucure\u0219ti, cea mai mare expozi\u021bie a Muzeului pe ro\u021bi al Rom\u00e2niei, cea mai mare reuniune de autovehicule istorice din \u021bar\u0103, vor fi prezentate autoturisme atestate istoric dup\u0103 standardele FIVA fabricate \u00eentre anii 20 \u0219i 90 aflate \u00een colec\u021bia membrilor Retromobil Club Rom\u00e2nia, filiala Bucure\u0219ti \u0219i nu numai.<\/p>\n<p class=\"Textbody\">Av\u00e2nd o traditie de 27 ani, Retro Parada organizat\u0103 de Retromobil Club Rom\u00e2nia prin reunirea autoturismelor istorice aflate \u00een colec\u021bia membrilor s\u0103i reprezint\u0103 o ocazie efervescent\u0103 \u0219i unic\u0103 de a lua contact cu istoria fenomenului automobilistic mondial din ultimul secol.<\/p>\n<p class=\"Textbody\">\n<\/p><p class=\"Textbody\">Retro Parada Prim\u0103verii \u00een acest an este prezent\u0103 \u00een 35 de ora\u0219e din Rom\u00e2nia \u00een care va expune publicului pasionat peste 2.500 de autovehicule, constituind prin amploarea sa cea mai important\u0103 ini\u021biativ\u0103 privat\u0103 bazat\u0103 pe voluntariat la nivel na\u021bional care promoveaz\u0103 recuperarea \u0219i p\u0103strarea tezaurului pe ro\u021bi al \u021b\u0103rii noastre.<\/p>\n<p class=\"Textbody\">\n<\/p><p class=\"Textbody\">Retro Paradele organizate de Retromobil Club Rom\u00e2nia au o mare putere de atrac\u021bie pentru publicul de toate v\u00e2rstele \u0219i din cele mai diferite genera\u021bii deoarece, de la copil la bunic, autoturismele de colec\u021bie trezesc curiozitatea sau nostalgia retr\u0103irii unor momente importante din via\u021b\u0103.<\/p>\n<p class=\"Textbody\">\n<\/p><p class=\"Textbody\">Evenimentul de duminic\u0103 este organizat cu sprijinul Prim\u0103riei Sectorului 4, prin Totul Verde S.A. Expozi\u0163ia va putea fi vizitat\u0103 gratuit.<\/p>","protected":false},"excerpt":{"rendered":"<p>La Retro Parada Prim\u0103verii din Bucure\u0219ti, cea mai mare expozi\u021bie a Muzeului pe ro\u021bi al&hellip;<\/p>\n","protected":false},"author":0,"featured_media":46356,"comment_status":"open","ping_status":"open","sticky":false,"template":"","format":"standard","meta":{"footnotes":""},"categories":[8],"tags":[],"class_list":["post-46355","post","type-post","status-publish","format-standard","has-post-thumbnail","hentry","category-lifestyle"],"_links":{"self":[{"href":"https:\/\/247stiri.ro\/index.php\/wp-json\/wp\/v2\/posts\/46355","targetHints":{"allow":["GET"]}}],"collection":[{"href":"https:\/\/247stiri.ro\/index.php\/wp-json\/wp\/v2\/posts"}],"about":[{"href":"https:\/\/247stiri.ro\/index.php\/wp-json\/wp\/v2\/types\/post"}],"replies":[{"embeddable":true,"href":"https:\/\/247stiri.ro\/index.php\/wp-json\/wp\/v2\/comments?post=46355"}],"version-history":[{"count":0,"href":"https:\/\/247stiri.ro\/index.php\/wp-json\/wp\/v2\/posts\/46355\/revisions"}],"wp:featuredmedia":[{"embeddable":true,"href":"https:\/\/247stiri.ro\/index.php\/wp-json\/wp\/v2\/media\/46356"}],"wp:attachment":[{"href":"https:\/\/247stiri.ro\/index.php\/wp-json\/wp\/v2\/media?parent=46355"}],"wp:term":[{"taxonomy":"category","embeddable":true,"href":"https:\/\/247stiri.ro\/index.php\/wp-json\/wp\/v2\/categories?post=46355"},{"taxonomy":"post_tag","embeddable":true,"href":"https:\/\/247stiri.ro\/index.php\/wp-json\/wp\/v2\/tags?post=46355"}],"curies":[{"name":"wp","href":"https:\/\/api.w.org\/{rel}","templated":true}]}}