{"id":46370,"date":"2025-04-10T10:45:17","date_gmt":"2025-04-10T10:45:17","guid":{"rendered":"https:\/\/247stiri.ro\/index.php\/2025\/04\/10\/ciolacu-intrebat-ce-crede-despre-decizia-premierului-din-2014-victor-ponta-de-a-deschide-portile-de-fier-pentru-a-nu-inunda-belgradul-nu-as-fi-luat-aceasta-decizie\/"},"modified":"2025-04-10T10:45:17","modified_gmt":"2025-04-10T10:45:17","slug":"ciolacu-intrebat-ce-crede-despre-decizia-premierului-din-2014-victor-ponta-de-a-deschide-portile-de-fier-pentru-a-nu-inunda-belgradul-nu-as-fi-luat-aceasta-decizie","status":"publish","type":"post","link":"https:\/\/247stiri.ro\/index.php\/2025\/04\/10\/ciolacu-intrebat-ce-crede-despre-decizia-premierului-din-2014-victor-ponta-de-a-deschide-portile-de-fier-pentru-a-nu-inunda-belgradul-nu-as-fi-luat-aceasta-decizie\/","title":{"rendered":"Ciolacu, \u00eentrebat ce crede despre decizia premierului din 2014 Victor Ponta de a deschide Por\u0163ile de Fier pentru a nu inunda Belgradul: Nu a\u015f fi luat aceast\u0103 decizie"},"content":{"rendered":"<p>Marcel Ciolacu a fost \u00eentrebat, joi, \u00eentr-o conferin\u0163\u0103 de pres\u0103 sus\u0163inut\u0103 la Zal\u0103u, ce p\u0103rere are despre ce a f\u0103cut Victor Ponta \u00een 2014, atunci c\u00e2nd era premier, care a preferat s\u0103 inunde localit\u0103\u0163i rom\u00e2ne\u015fti pentru a nu inunda Belgradul.<\/p>\n<p>\u201dA fost o decizie guvernamental\u0103 luat\u0103 de primul-ministru Victor Ponta. E\u015fti prim-ministru, iei decizii c\u00e2teodat\u0103 mai greu de explicat. Din punctul meu de vedere nu a\u015f fi luat aceast\u0103 decizie\u201d, a declarat Ciolacu.<\/p>\n<p>Victor Ponta a declarat recent, \u00eentr-un intevriu, c\u0103 a primit cet\u0103\u0163enia s\u00e2rb\u0103 deoarece a dat ordin structurilor rom\u00e2ne\u015fti s\u0103 deschid\u0103 valea de la Por\u0163ile de Fier \u015fi astfel nu a fost inundat Belgradul. El a precizat c\u0103, \u00een schimb, a fost inundat\u0103 partea rom\u00e2neasc\u0103, dar oamenii au fost muta\u0163i \u015fi s-au dat repede desp\u0103gubiri.\u00a0<\/p>","protected":false},"excerpt":{"rendered":"<p>Marcel Ciolacu a fost \u00eentrebat, joi, \u00eentr-o conferin\u0163\u0103 de pres\u0103 sus\u0163inut\u0103 la Zal\u0103u, ce p\u0103rere&hellip;<\/p>\n","protected":false},"author":0,"featured_media":46371,"comment_status":"open","ping_status":"open","sticky":false,"template":"","format":"standard","meta":{"footnotes":""},"categories":[3],"tags":[],"class_list":["post-46370","post","type-post","status-publish","format-standard","has-post-thumbnail","hentry","category-politica"],"_links":{"self":[{"href":"https:\/\/247stiri.ro\/index.php\/wp-json\/wp\/v2\/posts\/46370","targetHints":{"allow":["GET"]}}],"collection":[{"href":"https:\/\/247stiri.ro\/index.php\/wp-json\/wp\/v2\/posts"}],"about":[{"href":"https:\/\/247stiri.ro\/index.php\/wp-json\/wp\/v2\/types\/post"}],"replies":[{"embeddable":true,"href":"https:\/\/247stiri.ro\/index.php\/wp-json\/wp\/v2\/comments?post=46370"}],"version-history":[{"count":0,"href":"https:\/\/247stiri.ro\/index.php\/wp-json\/wp\/v2\/posts\/46370\/revisions"}],"wp:featuredmedia":[{"embeddable":true,"href":"https:\/\/247stiri.ro\/index.php\/wp-json\/wp\/v2\/media\/46371"}],"wp:attachment":[{"href":"https:\/\/247stiri.ro\/index.php\/wp-json\/wp\/v2\/media?parent=46370"}],"wp:term":[{"taxonomy":"category","embeddable":true,"href":"https:\/\/247stiri.ro\/index.php\/wp-json\/wp\/v2\/categories?post=46370"},{"taxonomy":"post_tag","embeddable":true,"href":"https:\/\/247stiri.ro\/index.php\/wp-json\/wp\/v2\/tags?post=46370"}],"curies":[{"name":"wp","href":"https:\/\/api.w.org\/{rel}","templated":true}]}}