{"id":46376,"date":"2025-04-10T10:45:20","date_gmt":"2025-04-10T10:45:20","guid":{"rendered":"https:\/\/247stiri.ro\/index.php\/2025\/04\/10\/rafila-anunta-ca-se-pregatesc-medici-pentru-a-realiza-trombectomii-pentru-a-salva-pacientii-cu-avc\/"},"modified":"2025-04-10T10:45:20","modified_gmt":"2025-04-10T10:45:20","slug":"rafila-anunta-ca-se-pregatesc-medici-pentru-a-realiza-trombectomii-pentru-a-salva-pacientii-cu-avc","status":"publish","type":"post","link":"https:\/\/247stiri.ro\/index.php\/2025\/04\/10\/rafila-anunta-ca-se-pregatesc-medici-pentru-a-realiza-trombectomii-pentru-a-salva-pacientii-cu-avc\/","title":{"rendered":"Rafila anun\u021b\u0103 c\u0103 se preg\u0103tesc medici pentru a realiza trombectomii, pentru a salva pacien\u021bii cu AVC"},"content":{"rendered":"<p>Ministrul S\u0103n\u0103t\u0103\u0163ii, Alexandru Rafila, a anun\u0163at, joi, \u00eentr-o conferin\u0163\u0103 de profil, c\u0103, \u00een tratarea patologiilor cardio-cerebro-vasculare, preg\u0103tirea resursei umane este esen\u0163ial\u0103.<\/p>\n<p>\u201dResurs\u0103 uman\u0103 calificat\u0103, care, dac\u0103 cazul trombolizei este oarecum mai u\u015for de g\u0103sit, \u00een cazul trombectomiilor, interven\u0163iilor care duc la \u00eenl\u0103turarea trombilor, care reprezint\u0103 sursa accidentelor vasculare cerebrale, acolo exista o anumit\u0103 limitare.\u00a0M\u0103 refer la o limitare profesional\u0103. Radiologia Interven\u0163ional\u0103 era cea care realiza acest lucru \u015fi \u00eentre timp am reu\u015fit \u015fi cu ajutorul lor, \u015fi vreau s\u0103 le mul\u0163umesc \u015fi celor din Comisia de Radiologie, s\u0103 dezvolt\u0103m un atestat (\u2026) mai multe specialit\u0103\u0163i, neurologi, neurochirurgi, cardiologi interven\u0163ioni\u015fti, ATI-i\u015fti, pot s\u0103 fac\u0103 acest atestat, \u00eenc\u00e2t s\u0103 dezvolt\u0103m o resurs\u0103 uman\u0103 calificat\u0103 care s\u0103 existe cel pu\u0163in la nivel regional ini\u0163ial \u015fi ulterior s\u0103 avem circa 25 de astfel de centre \u00een toat\u0103 \u0163ara\u201d, a anun\u0163at, joi, Alexandru Rafila.<\/p>\n<p>Ulterior, \u00eentr-o cinferin\u0163\u0103 de pres\u0103 a precizat c\u0103 \u201deste vorba despre o calificare\u00e2\u201d.<\/p>\n<p>\u201dAici nu discut\u0103m neap\u0103rat de personal de specialitate, ci discut\u0103m de un personal calificat, de exemplu, care poate s\u0103 fac\u0103 trombectomii\u201d, a mai declarat Rafila.<\/p>","protected":false},"excerpt":{"rendered":"<p>Ministrul S\u0103n\u0103t\u0103\u0163ii, Alexandru Rafila, a anun\u0163at, joi, \u00eentr-o conferin\u0163\u0103 de profil, c\u0103, \u00een tratarea patologiilor&hellip;<\/p>\n","protected":false},"author":0,"featured_media":46367,"comment_status":"open","ping_status":"open","sticky":false,"template":"","format":"standard","meta":{"footnotes":""},"categories":[2],"tags":[],"class_list":["post-46376","post","type-post","status-publish","format-standard","has-post-thumbnail","hentry","category-actual"],"_links":{"self":[{"href":"https:\/\/247stiri.ro\/index.php\/wp-json\/wp\/v2\/posts\/46376","targetHints":{"allow":["GET"]}}],"collection":[{"href":"https:\/\/247stiri.ro\/index.php\/wp-json\/wp\/v2\/posts"}],"about":[{"href":"https:\/\/247stiri.ro\/index.php\/wp-json\/wp\/v2\/types\/post"}],"replies":[{"embeddable":true,"href":"https:\/\/247stiri.ro\/index.php\/wp-json\/wp\/v2\/comments?post=46376"}],"version-history":[{"count":0,"href":"https:\/\/247stiri.ro\/index.php\/wp-json\/wp\/v2\/posts\/46376\/revisions"}],"wp:featuredmedia":[{"embeddable":true,"href":"https:\/\/247stiri.ro\/index.php\/wp-json\/wp\/v2\/media\/46367"}],"wp:attachment":[{"href":"https:\/\/247stiri.ro\/index.php\/wp-json\/wp\/v2\/media?parent=46376"}],"wp:term":[{"taxonomy":"category","embeddable":true,"href":"https:\/\/247stiri.ro\/index.php\/wp-json\/wp\/v2\/categories?post=46376"},{"taxonomy":"post_tag","embeddable":true,"href":"https:\/\/247stiri.ro\/index.php\/wp-json\/wp\/v2\/tags?post=46376"}],"curies":[{"name":"wp","href":"https:\/\/api.w.org\/{rel}","templated":true}]}}