{"id":46377,"date":"2025-04-10T10:45:20","date_gmt":"2025-04-10T10:45:20","guid":{"rendered":"https:\/\/247stiri.ro\/index.php\/2025\/04\/10\/ce-se-va-intampla-cu-taxele-romanilor-dupa-paste-anunt-important-de-la-ministrul-finantelor\/"},"modified":"2025-04-10T10:45:20","modified_gmt":"2025-04-10T10:45:20","slug":"ce-se-va-intampla-cu-taxele-romanilor-dupa-paste-anunt-important-de-la-ministrul-finantelor","status":"publish","type":"post","link":"https:\/\/247stiri.ro\/index.php\/2025\/04\/10\/ce-se-va-intampla-cu-taxele-romanilor-dupa-paste-anunt-important-de-la-ministrul-finantelor\/","title":{"rendered":"Ce se va \u00eent\u00e2mpla cu taxele rom\u00e2nilor dup\u0103 Pa\u0219te. Anun\u021b important de la ministrul Finan\u0163elor"},"content":{"rendered":"<p>\u201eNu putem prognoza \u00een niciun caz o recesiune, pentru c\u0103 am v\u0103zut \u015fi ieri c\u00e2t de fluid este totul, c\u00e2t de mi\u015fc\u0103toare sunt aceste m\u0103suri, aceste tendin\u0163e. Pentru c\u0103 Statele Unite ale Americi au f\u0103cut un pas \u00eenapoi, lucrurile sunt \u00eentr-o evolu\u0163ie foarte rapid\u0103 \u015fi ce este, cred, neobi\u015fnuit acum, pentru \u00eentreaga lume, este viteza cu care se schimb\u0103, se modific\u0103 anumite lucruri anun\u0163ate, puse \u00een practic\u0103, revocate, suspendate. Centrul de greutate s-a mutat acum pe China, deci lucrurile sunt \u00een plin\u0103 evolu\u0163ie\u201d, a declarat, joi, Tanczos Barna, la un post TV.<\/p>\n<p>Ministrul spune c\u0103 aceast\u0103 \u201efluiditate de m\u0103suri \u015fi de tendin\u0163e\u201d nu avantajeaz\u0103 Rom\u00e2nia, dar trebuie ca autorit\u0103\u0163ile s\u0103 fie atente la ceea ce pot \u0163ine sub control.<\/p>\n<p>\u201eTrebuie s\u0103 fim foarte atenti pe termen scurt ce putem noi, cu for\u0163ele noastre, s\u0103 tinem sub control. Nu suntem aproape de major\u0103ri de taxe, reforma fiscal\u0103 se va discuta \u00een a doua parte a anului, a\u015fa cum am spus de mai multe ori, Rom\u00e2nia s-a angajat s\u0103 fac\u0103 o reform\u0103 fiscal\u0103. De ani de zile lucrurile sunt cunoscute \u015fi sunt asumate \u00een PNRR, dar \u00een momentul de fa\u0163\u0103 nu este nevoie de major\u0103ri de taxe\u201d, a afirmat ministrul.<\/p>\n<p>Tanczos Barna a transmis, \u00een context, c\u0103 pe termem scurt nu sunt de a\u015fteptat \u201escumpiri imediate\u201d.<\/p>\n<p>\u201ePe termen mediu \u015fi lung, nu \u015ftim cum se va termina aceast\u0103 disput\u0103 \u00eentre China \u015fi America, dar anumi\u0163i speciali\u015fti prognozeaz\u0103 inclusiv o reducere a pre\u0163urilor la bunurile aduse din China, dac\u0103 pia\u0163a american\u0103 se \u00eenchide acolo, iar China trebuie s\u0103 se reorienteze, de exemplu, spre pie\u0163ele din Europa.<\/p>\n<p>Ministrul Finan\u0163elor a mai explicat c\u0103 impactul celor cel pu\u0163in dou\u0103 major\u0103ri de salarii \u015fi dou\u0103 major\u0103ri de pensii din anul 2024 se r\u0103sfr\u00e2nge asupra anului 2025.<\/p>\n<p>\u201ePo\u0163i s\u0103 ai preten\u0163ia s\u0103 reduci cheltuielile, dar \u00een niciun caz nu po\u0163 avea, de pe o lun\u0103 pe cealalt\u0103, acel impact visat de unii. Trebuie, \u00eentr-adev\u0103r, s\u0103 \u0163inem sub control aceste cheltuieli \u015fi \u00een primul r\u00e2nd s\u0103 \u0163inem sub control angaj\u0103rile la stat. Acest lucru se \u00eent\u00e2mpl\u0103, pentru c\u0103 avem deja \u00een luna februarie primul semnal fa\u0163\u0103 de ianuarie, \u00eencepe s\u0103 stagneze \u015fi s\u0103 scad\u0103 num\u0103rul de angaja\u0163i \u00een sectorul public, dar tendin\u0163a trebuie continuat\u0103. \u00cen acela\u015fi timp trebuie avut in vedere c\u0103 au fost lansate concursuri de ocupare de func\u0163ii \u00een decembrie, in no\u00eeembrie anul trecut, care s-au terminat anul acesta. Concret, num\u0103rul de angaja\u0163i a sc\u0103zut prin plec\u0103ri naturale \u015fi neangaj\u0103ri noi. Aceasta este tendin\u0163a care trebuie p\u0103strat\u0103 la toate institu\u0163iile statului, a\u015fa \u00eenc\u00e2t p\u00e2n\u0103 la sf\u00e2r\u015fitul anului s\u0103 ne putem \u00eencadra \u00een acea reducere de 5% pe cheltuieli de personal \u015fi pe cheltuieli de func\u0163ionare\u201d, a explicat Barna.<\/p>\n<p>Ministrul afirm\u0103 c\u0103 acesta este un \u201etrend asumat\u201d prin bugetarea cheltuielilor lunare \u015fi trimestriale \u015fi c\u0103 institu\u0163iile trebuie s\u0103 respecte aceste limite lunare \u015fi trimestriale.<\/p>\n<p>\u201eAvem o cre\u015ftere pe \u00eencas\u0103rile pe impozite \u015fi pe contributii sociale, care vine, desigur, \u015fi \u00een urma major\u0103rilor salariale de anul trecut, cre\u015fterilor economice de anul trecut \u015fi cre\u015fterii salariului minim de anul trecut. Este un semnal pozitiv din acest punct de vedere, dar pentru a ne \u00eencadra \u00een deficit avem \u00een continuare nevoie de absorbtia fondurilor europene\u201d, a mai spus ministrul Finan\u0163elor.<\/p>","protected":false},"excerpt":{"rendered":"<p>\u201eNu putem prognoza \u00een niciun caz o recesiune, pentru c\u0103 am v\u0103zut \u015fi ieri c\u00e2t&hellip;<\/p>\n","protected":false},"author":0,"featured_media":46378,"comment_status":"open","ping_status":"open","sticky":false,"template":"","format":"standard","meta":{"footnotes":""},"categories":[2],"tags":[],"class_list":["post-46377","post","type-post","status-publish","format-standard","has-post-thumbnail","hentry","category-actual"],"_links":{"self":[{"href":"https:\/\/247stiri.ro\/index.php\/wp-json\/wp\/v2\/posts\/46377","targetHints":{"allow":["GET"]}}],"collection":[{"href":"https:\/\/247stiri.ro\/index.php\/wp-json\/wp\/v2\/posts"}],"about":[{"href":"https:\/\/247stiri.ro\/index.php\/wp-json\/wp\/v2\/types\/post"}],"replies":[{"embeddable":true,"href":"https:\/\/247stiri.ro\/index.php\/wp-json\/wp\/v2\/comments?post=46377"}],"version-history":[{"count":0,"href":"https:\/\/247stiri.ro\/index.php\/wp-json\/wp\/v2\/posts\/46377\/revisions"}],"wp:featuredmedia":[{"embeddable":true,"href":"https:\/\/247stiri.ro\/index.php\/wp-json\/wp\/v2\/media\/46378"}],"wp:attachment":[{"href":"https:\/\/247stiri.ro\/index.php\/wp-json\/wp\/v2\/media?parent=46377"}],"wp:term":[{"taxonomy":"category","embeddable":true,"href":"https:\/\/247stiri.ro\/index.php\/wp-json\/wp\/v2\/categories?post=46377"},{"taxonomy":"post_tag","embeddable":true,"href":"https:\/\/247stiri.ro\/index.php\/wp-json\/wp\/v2\/tags?post=46377"}],"curies":[{"name":"wp","href":"https:\/\/api.w.org\/{rel}","templated":true}]}}