{"id":46381,"date":"2025-04-10T10:45:22","date_gmt":"2025-04-10T10:45:22","guid":{"rendered":"https:\/\/247stiri.ro\/index.php\/2025\/04\/10\/ponta-recunoaste-ca-este-un-tradator-marturii-soc-suveranistul-vopsit-a-preferat-sa-inunde-romania-pentru-a-salva-serbia\/"},"modified":"2025-04-10T10:45:22","modified_gmt":"2025-04-10T10:45:22","slug":"ponta-recunoaste-ca-este-un-tradator-marturii-soc-suveranistul-vopsit-a-preferat-sa-inunde-romania-pentru-a-salva-serbia","status":"publish","type":"post","link":"https:\/\/247stiri.ro\/index.php\/2025\/04\/10\/ponta-recunoaste-ca-este-un-tradator-marturii-soc-suveranistul-vopsit-a-preferat-sa-inunde-romania-pentru-a-salva-serbia\/","title":{"rendered":"Ponta recunoa\u0219te c\u0103 este un tr\u0103d\u0103tor, m\u0103rturii-\u0219oc. Suveranistul vopsit a preferat s\u0103 inunde Rom\u00e2nia pentru a salva Serbia"},"content":{"rendered":"<p>Reporter: \u201eDe ce \u021bi-ai luat cet\u0103\u021benie s\u00e2rb\u0103?\u201d<\/p>\n<p>Victor Ponta: \u201eMi-au dat-o pentru c\u0103 i-am ajutat cu o chestie extraordinar\u0103: \u00een inunda\u021bii am dat ordin peste structurile rom\u00e2ne\u0219ti s\u0103 deschid\u0103 Por\u021bile de Fier \u0219i \u00een felul \u0103sta nu s-a inundat Belgradul, s-a inundat doar o suburbie. Ai no\u0219tri nu voiau s\u0103 deschid\u0103 Por\u021bile de Fier, pentru c\u0103 se inund\u0103 partea romaneasc\u0103 \u0219i s-a inundat. Am vorbit cu ISU, am mutat oamenii, nu a aflat presa, am dat desp\u0103gubiri. Au fost sate \u0219i \u00een aval inundate.\u201d<\/p>\n<p>R: \u201eMai bine inunzi rom\u00e2nii?\u201d<\/p>\n<p>VP: \u201eI-am chemat la 12 noaptea la guvern pe to\u021bi, la 5 diminea\u021ba au fost jandarmi ISU toat\u0103 lumea la satele rom\u00e2ne\u0219ti de pe clisur\u0103, pe Dinescu l-am inundat \u0219i de atunci nu mai \u00eenv\u00e2rt \u0219i eu un ciolan, i-am dat desp\u0103gubiri mai mari dec\u00e2t f\u0103cea co\u0219melia lui de la cetate&#8230;cum sa inunzi Belgradul, unde Iancu de Hunedoara l-a b\u0103tut pe Mahomed cuceritorul. Cum s\u0103 zic inunda\u021bi Belgradul ca s\u0103 salv\u0103m crama lui Dinescu. S-a ref\u0103cut crama, e foarte bun\u0103&#8230; \u00cen cazul meu nu mi-a dat cet\u0103\u021benia pre\u0219edintele, ci parlamentul a fost cel care a votat. Era o cet\u0103\u021benie onorific\u0103. Eu \u0219i cu Steven Seagal am primit cet\u0103\u021benia atunci.\u201d<\/p>","protected":false},"excerpt":{"rendered":"<p>Reporter: \u201eDe ce \u021bi-ai luat cet\u0103\u021benie s\u00e2rb\u0103?\u201d Victor Ponta: \u201eMi-au dat-o pentru c\u0103 i-am ajutat&hellip;<\/p>\n","protected":false},"author":0,"featured_media":46373,"comment_status":"open","ping_status":"open","sticky":false,"template":"","format":"standard","meta":{"footnotes":""},"categories":[2],"tags":[],"class_list":["post-46381","post","type-post","status-publish","format-standard","has-post-thumbnail","hentry","category-actual"],"_links":{"self":[{"href":"https:\/\/247stiri.ro\/index.php\/wp-json\/wp\/v2\/posts\/46381","targetHints":{"allow":["GET"]}}],"collection":[{"href":"https:\/\/247stiri.ro\/index.php\/wp-json\/wp\/v2\/posts"}],"about":[{"href":"https:\/\/247stiri.ro\/index.php\/wp-json\/wp\/v2\/types\/post"}],"replies":[{"embeddable":true,"href":"https:\/\/247stiri.ro\/index.php\/wp-json\/wp\/v2\/comments?post=46381"}],"version-history":[{"count":0,"href":"https:\/\/247stiri.ro\/index.php\/wp-json\/wp\/v2\/posts\/46381\/revisions"}],"wp:featuredmedia":[{"embeddable":true,"href":"https:\/\/247stiri.ro\/index.php\/wp-json\/wp\/v2\/media\/46373"}],"wp:attachment":[{"href":"https:\/\/247stiri.ro\/index.php\/wp-json\/wp\/v2\/media?parent=46381"}],"wp:term":[{"taxonomy":"category","embeddable":true,"href":"https:\/\/247stiri.ro\/index.php\/wp-json\/wp\/v2\/categories?post=46381"},{"taxonomy":"post_tag","embeddable":true,"href":"https:\/\/247stiri.ro\/index.php\/wp-json\/wp\/v2\/tags?post=46381"}],"curies":[{"name":"wp","href":"https:\/\/api.w.org\/{rel}","templated":true}]}}