{"id":46382,"date":"2025-04-10T10:45:22","date_gmt":"2025-04-10T10:45:22","guid":{"rendered":"https:\/\/247stiri.ro\/index.php\/2025\/04\/10\/automotor-de-tren-incendiat-chiar-de-mecanic-in-depoul-cfr-timisoara-barbatul-a-fost-retinut-de-politie-pagube-uriase\/"},"modified":"2025-04-10T10:45:22","modified_gmt":"2025-04-10T10:45:22","slug":"automotor-de-tren-incendiat-chiar-de-mecanic-in-depoul-cfr-timisoara-barbatul-a-fost-retinut-de-politie-pagube-uriase","status":"publish","type":"post","link":"https:\/\/247stiri.ro\/index.php\/2025\/04\/10\/automotor-de-tren-incendiat-chiar-de-mecanic-in-depoul-cfr-timisoara-barbatul-a-fost-retinut-de-politie-pagube-uriase\/","title":{"rendered":"Automotor de tren, incendiat chiar de mecanic \u00een depoul CFR Timi\u015foara! B\u0103rbatul a fost re\u021binut de poli\u021bie: pagube uria\u0219e"},"content":{"rendered":"<p>Incendiul a avut loc \u00een data de 23 martie, \u00eens\u0103 autorul faptei a fost prins abia miercuri de poli\u0163i\u015fti.\u00a0\u201dLa data de 23.03.2025, \u00een jurul orelor 04:00, lucr\u0103tori de poli\u0163ie din cadrul Puctului de Poli\u0163ie Transporturi Timi\u015foara au fost sesiza\u0163i, prin SNUAU 112, cu privire la izbucnirea unui incendiu la un automotor apar\u0163in\u00e2nd CFR C\u0103l\u0103tori, aflat \u00een Depoul de Locomotive Timi\u015foara. La fa\u0163a locului s-au deplasat de urgen\u0163\u0103 un echipaj de poli\u0163ie \u015fi mai multe echipaje din cadrul ISU Timi\u015f, intervenindu-se pentru stingerea incendiului \u015fi limitarea pagubelor\u201d, a transmis IPJ Timi\u015f.\u00a0Paguba estimat\u0103 \u00een urma incendiului este de 622.618,87 lei, adic\u0103 aproximativ 125.000 de euro.\u00a0Cel care a dat foc automotorului este chiar un mecanic al CFR, conform unor surse din cadrul anchetei, citate de News.ro. Potrivit surselor citate, b\u0103rbatul a fost depistat abia miercuri, 9 aprilie.\u00a0\u00a0\u201dBiroului Jude\u0163ean de Poli\u0163ie Transporturi Timi\u015f au identificat la data de 9 aprilie 2025, un b\u0103rbat \u00een v\u00e2rst\u0103 de 37 de ani, b\u0103nuit de comiterea faptei. Fa\u0163\u0103 de acesta a fost luat\u0103 m\u0103sura re\u0163inerii pentru o perioad\u0103 de 24 de ore, acesta fiind introdus \u00een CRAP Timi\u015f. Cercet\u0103rile continu\u0103 sub aspectul s\u0103v\u00e2r\u015firii infrac\u0163iunii de distrugere, fapt\u0103 prev\u0103zut\u0103 \u015fi pedepsit\u0103 de art. 253 alin. (4) Cod penal\u201d, a mai precizat IPJ Timi\u015f.<\/p>\n<p>Poli\u021bi\u0219tii \u00eencearc\u0103 acum s\u0103 stabileasc\u0103 ce anume l-a \u00eempins pe b\u0103rbat la un astfel de gest.<\/p>","protected":false},"excerpt":{"rendered":"<p>Incendiul a avut loc \u00een data de 23 martie, \u00eens\u0103 autorul faptei a fost prins&hellip;<\/p>\n","protected":false},"author":0,"featured_media":46383,"comment_status":"open","ping_status":"open","sticky":false,"template":"","format":"standard","meta":{"footnotes":""},"categories":[2],"tags":[],"class_list":["post-46382","post","type-post","status-publish","format-standard","has-post-thumbnail","hentry","category-actual"],"_links":{"self":[{"href":"https:\/\/247stiri.ro\/index.php\/wp-json\/wp\/v2\/posts\/46382","targetHints":{"allow":["GET"]}}],"collection":[{"href":"https:\/\/247stiri.ro\/index.php\/wp-json\/wp\/v2\/posts"}],"about":[{"href":"https:\/\/247stiri.ro\/index.php\/wp-json\/wp\/v2\/types\/post"}],"replies":[{"embeddable":true,"href":"https:\/\/247stiri.ro\/index.php\/wp-json\/wp\/v2\/comments?post=46382"}],"version-history":[{"count":0,"href":"https:\/\/247stiri.ro\/index.php\/wp-json\/wp\/v2\/posts\/46382\/revisions"}],"wp:featuredmedia":[{"embeddable":true,"href":"https:\/\/247stiri.ro\/index.php\/wp-json\/wp\/v2\/media\/46383"}],"wp:attachment":[{"href":"https:\/\/247stiri.ro\/index.php\/wp-json\/wp\/v2\/media?parent=46382"}],"wp:term":[{"taxonomy":"category","embeddable":true,"href":"https:\/\/247stiri.ro\/index.php\/wp-json\/wp\/v2\/categories?post=46382"},{"taxonomy":"post_tag","embeddable":true,"href":"https:\/\/247stiri.ro\/index.php\/wp-json\/wp\/v2\/tags?post=46382"}],"curies":[{"name":"wp","href":"https:\/\/api.w.org\/{rel}","templated":true}]}}