{"id":46397,"date":"2025-04-10T11:45:08","date_gmt":"2025-04-10T11:45:08","guid":{"rendered":"https:\/\/247stiri.ro\/index.php\/2025\/04\/10\/noi-dovezi-care-demonstreaza-legatura-lui-nicusor-dan-cu-matei-paun-cat-de-implicat-e-afaceristul-in-campaniile-de-milioane-de-euro-ale-candidatului-independent-la-prezidentiale\/"},"modified":"2025-04-10T11:45:08","modified_gmt":"2025-04-10T11:45:08","slug":"noi-dovezi-care-demonstreaza-legatura-lui-nicusor-dan-cu-matei-paun-cat-de-implicat-e-afaceristul-in-campaniile-de-milioane-de-euro-ale-candidatului-independent-la-prezidentiale","status":"publish","type":"post","link":"https:\/\/247stiri.ro\/index.php\/2025\/04\/10\/noi-dovezi-care-demonstreaza-legatura-lui-nicusor-dan-cu-matei-paun-cat-de-implicat-e-afaceristul-in-campaniile-de-milioane-de-euro-ale-candidatului-independent-la-prezidentiale\/","title":{"rendered":"Noi dovezi care demonstreaz\u0103 leg\u0103tura lui Nicu\u0219or Dan cu Matei P\u0103un. C\u00e2t de implicat e afaceristul \u00een campaniile de milioane de euro ale candidatului independent la preziden\u021biale"},"content":{"rendered":"<p>Nicu\u0219or Dan a fost acuzat \u00een repetate r\u00e2nduri c\u0103 este sprijinit de persoane importante cu leg\u0103turi puternice la Kremlin. Una dintre acestea ar fi nimeni altul dec\u00e2t afaceristul Matei P\u0103un, a\u0219a-zisul \u201ebancher\u201d al lui Nicu\u0219or, cel care ar fi coordonat din umbr\u0103 campaniile electorale ale lui Nicu\u0219or.<\/p>\n<p>De\u0219i primarul Capitalei sus\u021binea c\u0103 se vede extrem de rar cu Matei P\u0103un, jurnali\u0219tii sus\u021bin c\u0103 \u00een ultimele luni, cei doi s-ar fi \u00eent\u00e2lnit de cel pu\u021bin trei ori.<\/p>\n<p>Pe de alt\u0103 parte, Nicu\u0219or Dan de\u0219i spune c\u0103 se sf\u0103tuie\u0219te \u00een continuare cu Matei P\u0103un, neag\u0103 faptul c\u0103 afaceristul \u00eei finan\u021beaz\u0103 campaniile.<\/p>\n<p>Potrivit jurnali\u0219tilor, Matei P\u0103un este principalul consilier informal al lui Nicu\u0219or Dan, rela\u021bia lor fiind veche de mai bine de 10 ani.<\/p>\n<p>Afaceristul a fost al\u0103turi de actualul edil general \u00eenc\u0103 din 2012, c\u00e2nd Nicu\u0219or Dan a candidat prima dat\u0103 la Prim\u0103ria Capitalei.<\/p>\n<p>Atunci, Matei P\u0103un a declarat c\u0103 a contribuit la campanie cu o sum\u0103 cuprins\u0103 \u00eentre 1.000-2.000 de euro, \u00eentreaga campanie av\u00e2nd un buget total de aproximativ de 50.000 euro.<\/p>\n<p>\u00cen 2024, Matei P\u0103un ar fi fost din nou prezent \u0219i \u00een campania de la alegerile locale.<\/p>\n<p>Despre Matei P\u0103un se spune c\u0103 ar face afaceri direct cu pre\u0219edintele Balarusului, Luka\u0219enko, c\u00e2t \u0219i cu Rusia. Totodat\u0103, acesta a fost acuzat de-a lungul vremii c\u0103 ar avea opinii pro-Putin.<\/p>\n<p>Acum \u00eens\u0103 spune c\u0103 totul s-a interpretat gre\u0219it \u0219i c\u0103 este o persoan\u0103 cu convingeri profund pro-europene.<\/p>","protected":false},"excerpt":{"rendered":"<p>Nicu\u0219or Dan a fost acuzat \u00een repetate r\u00e2nduri c\u0103 este sprijinit de persoane importante cu&hellip;<\/p>\n","protected":false},"author":0,"featured_media":46389,"comment_status":"open","ping_status":"open","sticky":false,"template":"","format":"standard","meta":{"footnotes":""},"categories":[2],"tags":[],"class_list":["post-46397","post","type-post","status-publish","format-standard","has-post-thumbnail","hentry","category-actual"],"_links":{"self":[{"href":"https:\/\/247stiri.ro\/index.php\/wp-json\/wp\/v2\/posts\/46397","targetHints":{"allow":["GET"]}}],"collection":[{"href":"https:\/\/247stiri.ro\/index.php\/wp-json\/wp\/v2\/posts"}],"about":[{"href":"https:\/\/247stiri.ro\/index.php\/wp-json\/wp\/v2\/types\/post"}],"replies":[{"embeddable":true,"href":"https:\/\/247stiri.ro\/index.php\/wp-json\/wp\/v2\/comments?post=46397"}],"version-history":[{"count":0,"href":"https:\/\/247stiri.ro\/index.php\/wp-json\/wp\/v2\/posts\/46397\/revisions"}],"wp:featuredmedia":[{"embeddable":true,"href":"https:\/\/247stiri.ro\/index.php\/wp-json\/wp\/v2\/media\/46389"}],"wp:attachment":[{"href":"https:\/\/247stiri.ro\/index.php\/wp-json\/wp\/v2\/media?parent=46397"}],"wp:term":[{"taxonomy":"category","embeddable":true,"href":"https:\/\/247stiri.ro\/index.php\/wp-json\/wp\/v2\/categories?post=46397"},{"taxonomy":"post_tag","embeddable":true,"href":"https:\/\/247stiri.ro\/index.php\/wp-json\/wp\/v2\/tags?post=46397"}],"curies":[{"name":"wp","href":"https:\/\/api.w.org\/{rel}","templated":true}]}}