{"id":46400,"date":"2025-04-10T11:45:09","date_gmt":"2025-04-10T11:45:09","guid":{"rendered":"https:\/\/247stiri.ro\/index.php\/2025\/04\/10\/biserica-de-lemn-de-la-muzeul-satului-banatean-din-timisoara-care-a-ars-intr-un-incendiu-va-fi-restaurata\/"},"modified":"2025-04-10T11:45:09","modified_gmt":"2025-04-10T11:45:09","slug":"biserica-de-lemn-de-la-muzeul-satului-banatean-din-timisoara-care-a-ars-intr-un-incendiu-va-fi-restaurata","status":"publish","type":"post","link":"https:\/\/247stiri.ro\/index.php\/2025\/04\/10\/biserica-de-lemn-de-la-muzeul-satului-banatean-din-timisoara-care-a-ars-intr-un-incendiu-va-fi-restaurata\/","title":{"rendered":"Biserica de lemn de la Muzeul Satului B\u0103n\u0103\u0163ean din Timi\u015foara, care a ars \u00eentr-un incendiu, va fi restaurat\u0103"},"content":{"rendered":"<p>\u201dBiserica de la Topla, din incinta Muzeului Satului B\u0103n\u0103\u0163ean, a fost distrus\u0103 de fl\u0103c\u0103ri \u015fi mul\u0163i timi\u015feni s-au ar\u0103tat dispu\u015fi s\u0103 contribuie la restaurarea monumentului istoric, ceea ce reprezint\u0103 un gest de mare noble\u0163e, unul firesc \u00een zona noastr\u0103.<\/p>\n<p>Astfel de ini\u0163iative ne arat\u0103 cum comunitatea se une\u015fte \u00een momente importante. Am fost contactat de o mul\u0163ime de oameni care \u015fi-au manifestat dorin\u0163a s\u0103 participe cu bani la efortul de a readuce \u00een lumin\u0103 biserica.<\/p>\n<p>Nu vreau s\u0103 sune a arogan\u0163\u0103, pentru c\u0103 apreciez mult astfel de gesturi, dar, \u00een cazul de fa\u0163\u0103, nu este nevoie de sprijin financiar, pentru c\u0103 bugetul Consiliului Jude\u0163ean Timi\u015f poate suporta aceast\u0103 cheltuial\u0103, indiferent de suma necesar\u0103\u201d, a declarat, joi, Alfred Simonis.<\/p>\n<p>Liderul CJ Timi\u015f i-a \u00eendemnat pe cei care au inten\u0163ionat s\u0103 doneze bani pentru restaurarea l\u0103ca\u015fului de cult s\u0103 \u00ee\u015fi \u00eendrepte aten\u0163ia spre cazurile sociale.<\/p>\n<p>\u201d\u00cei \u00eendemn pe to\u0163i s\u0103 ni se al\u0103ture s\u0103 sprijinim cazuri sociale care sunt \u00een nevoie, s\u0103 identific\u0103m oameni sau institu\u0163ii pentru care un ajutor financiar ar \u00eensemna enorm. V\u0103 mul\u0163umesc tuturor celor care a\u0163i dorit s\u0103 ne ajuta\u0163i s\u0103 restaur\u0103m biserica. A\u0163i ar\u0103tat c\u0103 v\u0103 pas\u0103 cu adev\u0103rat!\u201d, a mai transmis Simonis.<\/p>\n<p>Un incendiu puternic a izbucnit \u00een noaptea de 25 spre 26 martie la biserica de lemn de la Topla, din incinta Muzeului Satului B\u0103n\u0103\u0163ean din Timi\u015foara. Incendiul a izbucnit dup\u0103 ce un cablu de la instala\u0163ia electric\u0103 s-a supra\u00eenc\u0103lzit.<\/p>","protected":false},"excerpt":{"rendered":"<p>\u201dBiserica de la Topla, din incinta Muzeului Satului B\u0103n\u0103\u0163ean, a fost distrus\u0103 de fl\u0103c\u0103ri \u015fi&hellip;<\/p>\n","protected":false},"author":0,"featured_media":46401,"comment_status":"open","ping_status":"open","sticky":false,"template":"","format":"standard","meta":{"footnotes":""},"categories":[2],"tags":[],"class_list":["post-46400","post","type-post","status-publish","format-standard","has-post-thumbnail","hentry","category-actual"],"_links":{"self":[{"href":"https:\/\/247stiri.ro\/index.php\/wp-json\/wp\/v2\/posts\/46400","targetHints":{"allow":["GET"]}}],"collection":[{"href":"https:\/\/247stiri.ro\/index.php\/wp-json\/wp\/v2\/posts"}],"about":[{"href":"https:\/\/247stiri.ro\/index.php\/wp-json\/wp\/v2\/types\/post"}],"replies":[{"embeddable":true,"href":"https:\/\/247stiri.ro\/index.php\/wp-json\/wp\/v2\/comments?post=46400"}],"version-history":[{"count":0,"href":"https:\/\/247stiri.ro\/index.php\/wp-json\/wp\/v2\/posts\/46400\/revisions"}],"wp:featuredmedia":[{"embeddable":true,"href":"https:\/\/247stiri.ro\/index.php\/wp-json\/wp\/v2\/media\/46401"}],"wp:attachment":[{"href":"https:\/\/247stiri.ro\/index.php\/wp-json\/wp\/v2\/media?parent=46400"}],"wp:term":[{"taxonomy":"category","embeddable":true,"href":"https:\/\/247stiri.ro\/index.php\/wp-json\/wp\/v2\/categories?post=46400"},{"taxonomy":"post_tag","embeddable":true,"href":"https:\/\/247stiri.ro\/index.php\/wp-json\/wp\/v2\/tags?post=46400"}],"curies":[{"name":"wp","href":"https:\/\/api.w.org\/{rel}","templated":true}]}}