{"id":46403,"date":"2025-04-10T11:45:10","date_gmt":"2025-04-10T11:45:10","guid":{"rendered":"https:\/\/247stiri.ro\/index.php\/2025\/04\/10\/opozitia-cere-ancheta-pe-inundatiile-din-2014-dupa-declaratiile-lui-ponta-romania-inundata-in-locul-belgradului\/"},"modified":"2025-04-10T11:45:10","modified_gmt":"2025-04-10T11:45:10","slug":"opozitia-cere-ancheta-pe-inundatiile-din-2014-dupa-declaratiile-lui-ponta-romania-inundata-in-locul-belgradului","status":"publish","type":"post","link":"https:\/\/247stiri.ro\/index.php\/2025\/04\/10\/opozitia-cere-ancheta-pe-inundatiile-din-2014-dupa-declaratiile-lui-ponta-romania-inundata-in-locul-belgradului\/","title":{"rendered":"Opozi\u021bia cere ANCHET\u0102 pe inunda\u021biile din 2014 dup\u0103 declara\u021biile lui Ponta: Rom\u00e2nia, inundat\u0103 \u00een locul Belgradului"},"content":{"rendered":"<p>C\u0103t\u0103lin Drul\u0103, deputat USR \u0219i fost pre\u0219edinte al partidului, a cerut ast\u0103zi Parchetului General s\u0103 investigheze exact modul \u00een care Victor Ponta a decis \u00een 2014, pe vremea c\u00e2nd era premier, s\u0103 inunde mai multe sate rom\u00e2ne\u0219ti ca s\u0103 protejeze Belgradul, capitala Serbiei.\u00a0<\/p>\n<p>Declara\u021bia lui Drul\u0103 vine dup\u0103 ce Victor Ponta a vorbit la un podcast, tot \u00een 2014, atunci c\u00e2nd era premier al Rom\u00e2niei, iar Serbia a fost lovit\u0103 de inunda\u021bii puternice c\u0103 a preferat ca satele din \u021bara noastr\u0103, de pe Clisura Dun\u0103rii &#8211; acea linie &#8211; s\u0103 fie inundate tocmai pentru a proteja Belgradul.\u00a0<\/p>\n<p>Reamintim c\u0103 \u00een 2014 au avut loc mai multe inunda\u021bii majore \u00een sudul \u021b\u0103rii noastre, \u00een luna mai. Mai exact, peste 1500 de hectare de culturi agricole, p\u0103\u0219uni \u0219i p\u0103duri au fost inundate.\u00a0<\/p>\n<p><a href=\"https:\/\/www.realitatea.net\/stiri\/politica\/ciolacu-intrebat-ce-crede-despre-decizia-premierului-din-2014-victor-ponta-de-a-deschide-portile-de-fier-pentru-a-nu-inunda-belgradul-nu-as-fi-luat-aceasta-decizie_67f796f48a40af33a727a142#google_vignette\" target=\"_blank\">Ciolacu, \u00eentrebat ce crede despre decizia premierului din 2014 Victor Ponta de a deschide Por\u0163ile de Fier pentru a nu inunda Belgradul: Nu a\u015f fi luat aceast\u0103 decizie<\/a><\/p>","protected":false},"excerpt":{"rendered":"<p>C\u0103t\u0103lin Drul\u0103, deputat USR \u0219i fost pre\u0219edinte al partidului, a cerut ast\u0103zi Parchetului General s\u0103&hellip;<\/p>\n","protected":false},"author":0,"featured_media":46391,"comment_status":"open","ping_status":"open","sticky":false,"template":"","format":"standard","meta":{"footnotes":""},"categories":[2],"tags":[],"class_list":["post-46403","post","type-post","status-publish","format-standard","has-post-thumbnail","hentry","category-actual"],"_links":{"self":[{"href":"https:\/\/247stiri.ro\/index.php\/wp-json\/wp\/v2\/posts\/46403","targetHints":{"allow":["GET"]}}],"collection":[{"href":"https:\/\/247stiri.ro\/index.php\/wp-json\/wp\/v2\/posts"}],"about":[{"href":"https:\/\/247stiri.ro\/index.php\/wp-json\/wp\/v2\/types\/post"}],"replies":[{"embeddable":true,"href":"https:\/\/247stiri.ro\/index.php\/wp-json\/wp\/v2\/comments?post=46403"}],"version-history":[{"count":0,"href":"https:\/\/247stiri.ro\/index.php\/wp-json\/wp\/v2\/posts\/46403\/revisions"}],"wp:featuredmedia":[{"embeddable":true,"href":"https:\/\/247stiri.ro\/index.php\/wp-json\/wp\/v2\/media\/46391"}],"wp:attachment":[{"href":"https:\/\/247stiri.ro\/index.php\/wp-json\/wp\/v2\/media?parent=46403"}],"wp:term":[{"taxonomy":"category","embeddable":true,"href":"https:\/\/247stiri.ro\/index.php\/wp-json\/wp\/v2\/categories?post=46403"},{"taxonomy":"post_tag","embeddable":true,"href":"https:\/\/247stiri.ro\/index.php\/wp-json\/wp\/v2\/tags?post=46403"}],"curies":[{"name":"wp","href":"https:\/\/api.w.org\/{rel}","templated":true}]}}