{"id":46404,"date":"2025-04-10T11:45:11","date_gmt":"2025-04-10T11:45:11","guid":{"rendered":"https:\/\/247stiri.ro\/index.php\/2025\/04\/10\/perchezitii-in-constanta-39-de-arme-detinute-ilegal-si-peste-7-000-de-elemente-de-munitie-neletala-ridicate-de-politisti\/"},"modified":"2025-04-10T11:45:11","modified_gmt":"2025-04-10T11:45:11","slug":"perchezitii-in-constanta-39-de-arme-detinute-ilegal-si-peste-7-000-de-elemente-de-munitie-neletala-ridicate-de-politisti","status":"publish","type":"post","link":"https:\/\/247stiri.ro\/index.php\/2025\/04\/10\/perchezitii-in-constanta-39-de-arme-detinute-ilegal-si-peste-7-000-de-elemente-de-munitie-neletala-ridicate-de-politisti\/","title":{"rendered":"Perchezi\u021bii \u00een Constan\u0163a. 39 de arme de\u0163inute ilegal \u015fi peste 7.000 de elemente de muni\u0163ie neletal\u0103, ridicate de poli\u0163i\u015fti"},"content":{"rendered":"<p>Reprezentan\u0163ii Inspectoratului de Poli\u0163ie al Jude\u0163ului Constan\u0163a au anun\u0163at, joi, c\u0103 poli\u0163i\u015ftii au f\u0103cut 40 de perchezi\u0163ii, 39 \u00een jude\u0163ul Constan\u0163a \u015fi una \u00een jude\u0163ul V\u00e2lcea, la domiciliile unor persoane cercetate pentru s\u0103v\u00e2r\u015firea infrac\u0163iunii de nerespectarea regimului armelor \u015fi al muni\u0163iilor.<\/p>\n<p>\u201dDin cercet\u0103rile efectuate a reie\u015fit c\u0103 persoanele \u00een cauz\u0103 ar fi de\u0163inut \u00een mod ilegal arme neletale, supuse autoriz\u0103rii, precum \u015fi arme artizanale, iar, \u00een perioada 2023 \u2013 2025, acestea ar fi achizi\u0163ionat, din mediul online, muni\u0163ie aferent\u0103 acestor arme. \u00cen urma efectu\u0103rii perchezi\u0163iilor, au fost descoperite \u015fi ridicate, \u00een vederea continu\u0103rii cercet\u0103rilor, 39 de arme neletale supuse autoriz\u0103rii \u015fi peste 7.000 de elemente de muni\u0163ie, neletal\u0103\u201d, au anun\u0163at poli\u0163i\u015ftii.<\/p>\n<p>Cercet\u0103rile sunt continuate de c\u0103tre poli\u0163i\u015ftii Serviciului de Investigare a Infrac\u0163ionalit\u0103\u0163ii de Mediu Constan\u0163a, sub coordonarea procurorului de caz din cadrul Parchetului de pe l\u00e2ng\u0103 Judec\u0103toria Constan\u0163a.<\/p>","protected":false},"excerpt":{"rendered":"<p>Reprezentan\u0163ii Inspectoratului de Poli\u0163ie al Jude\u0163ului Constan\u0163a au anun\u0163at, joi, c\u0103 poli\u0163i\u015ftii au f\u0103cut 40&hellip;<\/p>\n","protected":false},"author":0,"featured_media":46405,"comment_status":"open","ping_status":"open","sticky":false,"template":"","format":"standard","meta":{"footnotes":""},"categories":[2],"tags":[],"class_list":["post-46404","post","type-post","status-publish","format-standard","has-post-thumbnail","hentry","category-actual"],"_links":{"self":[{"href":"https:\/\/247stiri.ro\/index.php\/wp-json\/wp\/v2\/posts\/46404","targetHints":{"allow":["GET"]}}],"collection":[{"href":"https:\/\/247stiri.ro\/index.php\/wp-json\/wp\/v2\/posts"}],"about":[{"href":"https:\/\/247stiri.ro\/index.php\/wp-json\/wp\/v2\/types\/post"}],"replies":[{"embeddable":true,"href":"https:\/\/247stiri.ro\/index.php\/wp-json\/wp\/v2\/comments?post=46404"}],"version-history":[{"count":0,"href":"https:\/\/247stiri.ro\/index.php\/wp-json\/wp\/v2\/posts\/46404\/revisions"}],"wp:featuredmedia":[{"embeddable":true,"href":"https:\/\/247stiri.ro\/index.php\/wp-json\/wp\/v2\/media\/46405"}],"wp:attachment":[{"href":"https:\/\/247stiri.ro\/index.php\/wp-json\/wp\/v2\/media?parent=46404"}],"wp:term":[{"taxonomy":"category","embeddable":true,"href":"https:\/\/247stiri.ro\/index.php\/wp-json\/wp\/v2\/categories?post=46404"},{"taxonomy":"post_tag","embeddable":true,"href":"https:\/\/247stiri.ro\/index.php\/wp-json\/wp\/v2\/tags?post=46404"}],"curies":[{"name":"wp","href":"https:\/\/api.w.org\/{rel}","templated":true}]}}