{"id":46412,"date":"2025-04-10T12:44:51","date_gmt":"2025-04-10T12:44:51","guid":{"rendered":"https:\/\/247stiri.ro\/index.php\/2025\/04\/10\/cna-pune-din-nou-pumnul-in-gura-presei-libere-si-decide-intreruperea-programului-realitatea-plus-timp-de-10-minute\/"},"modified":"2025-04-10T12:44:51","modified_gmt":"2025-04-10T12:44:51","slug":"cna-pune-din-nou-pumnul-in-gura-presei-libere-si-decide-intreruperea-programului-realitatea-plus-timp-de-10-minute","status":"publish","type":"post","link":"https:\/\/247stiri.ro\/index.php\/2025\/04\/10\/cna-pune-din-nou-pumnul-in-gura-presei-libere-si-decide-intreruperea-programului-realitatea-plus-timp-de-10-minute\/","title":{"rendered":"CNA pune din nou pumnul \u00een gura presei libere \u0219i decide \u00eentreruperea programului Realitatea PLUS timp de 10 minute"},"content":{"rendered":"<p>Consiliul Na\u021bional al Audiovizualului declan\u0219eaz\u0103 o nou\u0103 v\u00e2n\u0103toare de vr\u0103jitoare. Membrii Consiliului au decis s\u0103 sanc\u021bioneze din nou televiziunea poporului Realitatea PLUS cu \u00eentreruperea programului obi\u0219nuit \u00een prime-time, pentru 10 minute, timp \u00een care pe ecran va rula un text citit.\u00a0<\/p>\n<p>Mircea Toma, membru CNA, a fost cel care a citit propunerea sanc\u0163ion\u0103rii postului Realitatea PLUS. Este \u00eenc\u0103 o dovad\u0103 a cenzurii f\u0103r\u0103 precedent la care este supus\u0103 o institu\u021bie media, \u00eempreun\u0103 cu jurnali\u0219tii s\u0103i, pentru decizia de a-i acorda o platform\u0103 de exprimare lui C\u0103lin Georgescu, \u00een virturea libert\u0103\u021bii de opinie.<\/p>\n<p>Realitatea PLUS, televiziunea poporului, etalon de echilibru \u0219i verticalitate pe pia\u021ba media din Rom\u00e2nia, fapt ce s-a v\u0103zut concret \u00een cifrele record de audien\u021b\u0103 din ultimele dou\u0103 luni, este supus\u0103, astfel, unei cenzuri f\u0103r\u0103 precedent, ce pune \u00een pericol democra\u021bia \u0219i dreptul la exprimare liber\u0103.<\/p>\n<p>Jurnali\u0219ti cu greutate din Rom\u00e2nia &#8211; Marius Tuc\u0103 \u0219i Ion Cristoiu &#8211; au fost \u0219i ei supu\u0219i cenzurii, \u00een ultimele zile, pe You Tube \u0219i Tik Tok.\u00a0<\/p>","protected":false},"excerpt":{"rendered":"<p>Consiliul Na\u021bional al Audiovizualului declan\u0219eaz\u0103 o nou\u0103 v\u00e2n\u0103toare de vr\u0103jitoare. Membrii Consiliului au decis s\u0103&hellip;<\/p>\n","protected":false},"author":0,"featured_media":46413,"comment_status":"open","ping_status":"open","sticky":false,"template":"","format":"standard","meta":{"footnotes":""},"categories":[2],"tags":[],"class_list":["post-46412","post","type-post","status-publish","format-standard","has-post-thumbnail","hentry","category-actual"],"_links":{"self":[{"href":"https:\/\/247stiri.ro\/index.php\/wp-json\/wp\/v2\/posts\/46412","targetHints":{"allow":["GET"]}}],"collection":[{"href":"https:\/\/247stiri.ro\/index.php\/wp-json\/wp\/v2\/posts"}],"about":[{"href":"https:\/\/247stiri.ro\/index.php\/wp-json\/wp\/v2\/types\/post"}],"replies":[{"embeddable":true,"href":"https:\/\/247stiri.ro\/index.php\/wp-json\/wp\/v2\/comments?post=46412"}],"version-history":[{"count":0,"href":"https:\/\/247stiri.ro\/index.php\/wp-json\/wp\/v2\/posts\/46412\/revisions"}],"wp:featuredmedia":[{"embeddable":true,"href":"https:\/\/247stiri.ro\/index.php\/wp-json\/wp\/v2\/media\/46413"}],"wp:attachment":[{"href":"https:\/\/247stiri.ro\/index.php\/wp-json\/wp\/v2\/media?parent=46412"}],"wp:term":[{"taxonomy":"category","embeddable":true,"href":"https:\/\/247stiri.ro\/index.php\/wp-json\/wp\/v2\/categories?post=46412"},{"taxonomy":"post_tag","embeddable":true,"href":"https:\/\/247stiri.ro\/index.php\/wp-json\/wp\/v2\/tags?post=46412"}],"curies":[{"name":"wp","href":"https:\/\/api.w.org\/{rel}","templated":true}]}}