{"id":46414,"date":"2025-04-10T12:44:51","date_gmt":"2025-04-10T12:44:51","guid":{"rendered":"https:\/\/247stiri.ro\/index.php\/2025\/04\/10\/mircea-fechet-anunta-ca-lasa-la-latitudinea-primarilor-decizia-privind-interventia-impotriva-ursilor-care-intra-in-localitati\/"},"modified":"2025-04-10T12:44:51","modified_gmt":"2025-04-10T12:44:51","slug":"mircea-fechet-anunta-ca-lasa-la-latitudinea-primarilor-decizia-privind-interventia-impotriva-ursilor-care-intra-in-localitati","status":"publish","type":"post","link":"https:\/\/247stiri.ro\/index.php\/2025\/04\/10\/mircea-fechet-anunta-ca-lasa-la-latitudinea-primarilor-decizia-privind-interventia-impotriva-ursilor-care-intra-in-localitati\/","title":{"rendered":"Mircea Fechet anun\u021b\u0103 c\u0103 las\u0103 la latitudinea primarilor decizia privind interven\u021bia \u00eempotriva ur\u0219ilor care intr\u0103 \u00een localit\u0103\u021bi"},"content":{"rendered":"<p>Fechet a men\u0163ionat c\u0103 ast\u0103zi, primarul, \u00eenainte de a lua o decizie care s\u0103 protejeze cu adev\u0103rat popula\u0163ia, este obligat mai \u00eent\u00e2i s\u0103 alunge ursul, dup\u0103 care s\u0103 \u00eencerce o relocare a celui exemplar \u015fi abia dup\u0103 acestea, conform legii, are dreptul s\u0103 \u00eempu\u015fte ursul respectiv sau s\u0103 \u00eel eutanasieze.<\/p>\n<p>\u201dRom\u00e2nia are cea mai mare popula\u0163ie de urs brun din Europa, putem s\u0103 afirm\u0103m c\u0103 suntem campioni \u015fi \u00een leg\u0103tur\u0103 cu modul \u00een care evalu\u0103m toate aceste cifre, \u00eens\u0103 mai ales \u00een lumina acestui num\u0103r, pe care poate c\u0103 mul\u0163i \u00eel b\u0103nuiau. Sunt multe localit\u0103\u0163i, sunt multe sta\u0163iuni unde ur\u015fii au devenit o prezen\u0163\u0103 aproape zilnic\u0103. A\u015fa cum am anun\u0163at \u015fi \u00een trecut, cred c\u0103 mai ales \u00een ceea ce prive\u015fte tragediile care s-au \u00eent\u00e2mplat \u00een trecut, suntem obliga\u0163i s\u0103 venim cu m\u0103suri de interven\u0163ie\u201d, a spus ministrul Mediului \u00eentr-o conferin\u0163\u0103 de pres\u0103.<\/p>\n<p>Mircea Fechet a precizat c\u0103, potrivit speciali\u015ftilor, efectivul optim pentru popula\u0163ia de urs \u00een Rom\u00e2nia este undeva \u00een jurul cifrei de 4.000.<\/p>\n<p>\u201dDe la 4.000 la 11.000 sau la 13.000, \u00eentre cele dou\u0103 cifre exist\u0103 o mare diferen\u0163\u0103. Bine\u00een\u0163eles c\u0103 nu ne apuc\u0103m s\u0103 lu\u0103m m\u0103suri \u00een sensul diminu\u0103rii popula\u0163iei de urs brun peste noapte, \u00eens\u0103 \u00een continuare ne intereseaz\u0103 statutul de conservare al speciei \u015fi faptul c\u0103 specia se va afla \u00eentr-o stare bun\u0103 de conservare, dar ne intereseaz\u0103 la fel de mult \u015fi mai mult dec\u00e2t at\u00e2t siguran\u0163a cet\u0103\u0163enilor\u201d, a men\u0163ionat Fechet.<\/p>\n<p>\u201dVoi propune o modificare a legisla\u0163iei primare \u00een sensul \u00een care Ordonan\u0163a 81 va fi amendat\u0103 \u015fi propunerea pe care o voi face este ca \u00een intravilanul localit\u0103\u0163ilor s\u0103 renun\u0163\u0103m s\u0103 elimin\u0103m interven\u0163ia gradual, pentru c\u0103 ast\u0103zi, primarul, \u00eenainte de a lua o decizie care s\u0103 protejeze cu adev\u0103rat popula\u0163ia, este obligat mai \u00eent\u00e2i s\u0103 alunge ursul, dup\u0103 care s\u0103 \u00eencerce o relocare a celui exemplar, dup\u0103 care are dreptul, conform legii, s\u0103 \u00eempu\u015fte ursul respectiv sau s\u0103 \u00eel eutanasieze. Voi propune eliminarea interven\u0163iei graduale, voi l\u0103sa libertate reprezentan\u0163ilor autorit\u0103\u0163ilor publice locale, primarilor, s\u0103 ia decizia pe care o apreciaz\u0103 a fi corect\u0103 \u00een leg\u0103tur\u0103 cu situa\u0163ia cu care se confrunt\u0103, \u00een localitatea respectiv\u0103\u201d, a anun\u0163at ministrul Mediului.<\/p>","protected":false},"excerpt":{"rendered":"<p>Fechet a men\u0163ionat c\u0103 ast\u0103zi, primarul, \u00eenainte de a lua o decizie care s\u0103 protejeze&hellip;<\/p>\n","protected":false},"author":0,"featured_media":46409,"comment_status":"open","ping_status":"open","sticky":false,"template":"","format":"standard","meta":{"footnotes":""},"categories":[2],"tags":[],"class_list":["post-46414","post","type-post","status-publish","format-standard","has-post-thumbnail","hentry","category-actual"],"_links":{"self":[{"href":"https:\/\/247stiri.ro\/index.php\/wp-json\/wp\/v2\/posts\/46414","targetHints":{"allow":["GET"]}}],"collection":[{"href":"https:\/\/247stiri.ro\/index.php\/wp-json\/wp\/v2\/posts"}],"about":[{"href":"https:\/\/247stiri.ro\/index.php\/wp-json\/wp\/v2\/types\/post"}],"replies":[{"embeddable":true,"href":"https:\/\/247stiri.ro\/index.php\/wp-json\/wp\/v2\/comments?post=46414"}],"version-history":[{"count":0,"href":"https:\/\/247stiri.ro\/index.php\/wp-json\/wp\/v2\/posts\/46414\/revisions"}],"wp:featuredmedia":[{"embeddable":true,"href":"https:\/\/247stiri.ro\/index.php\/wp-json\/wp\/v2\/media\/46409"}],"wp:attachment":[{"href":"https:\/\/247stiri.ro\/index.php\/wp-json\/wp\/v2\/media?parent=46414"}],"wp:term":[{"taxonomy":"category","embeddable":true,"href":"https:\/\/247stiri.ro\/index.php\/wp-json\/wp\/v2\/categories?post=46414"},{"taxonomy":"post_tag","embeddable":true,"href":"https:\/\/247stiri.ro\/index.php\/wp-json\/wp\/v2\/tags?post=46414"}],"curies":[{"name":"wp","href":"https:\/\/api.w.org\/{rel}","templated":true}]}}